{"id":1670,"date":"2025-03-19T22:03:36","date_gmt":"2025-03-19T21:03:36","guid":{"rendered":"https:\/\/fundacjanarowerze.pl\/?p=1670"},"modified":"2025-03-19T22:03:38","modified_gmt":"2025-03-19T21:03:38","slug":"wiosenna-seria-edukacyjnych-webinarow","status":"publish","type":"post","link":"https:\/\/fundacjanarowerze.pl\/uk\/blog\/2025\/03\/19\/wiosenna-seria-edukacyjnych-webinarow\/","title":{"rendered":"Wiosenna seria edukacyjnych webinar\u00f3w"},"content":{"rendered":"<p>Wraz z pocz\u0105tkiem wiosny zapraszamy rowerzyst\u00f3w na seri\u0119 edukacyjnych webinar\u00f3w prowadzonych przez ekspert\u00f3w z wybranych dziedzin. Przypomnimy zasady bezpiecznego poruszania si\u0119 jedno\u015bladem po drogach, podpowiemy jak samodzielnie naprawi\u0107 rower, poprowadzimy regeneracyjny trening z fizjoterapeutk\u0105 dla ka\u017cdego. Podpowiemy tak\u017ce jak przekona\u0107 si\u0119 do jazdy rowerem do biura.<\/p>\n\n\n\n<h2 class=\"wp-block-heading\">Przepisy ruchu drogowego vs rzeczywisto\u015b\u0107<\/h2>\n\n\n\n<p>Znajomo\u015b\u0107 przepis\u00f3w ruchu drogowego to nieod\u0142\u0105czny element bezpiecznego poruszania si\u0119 po drogach. Pierwszy <a href=\"https:\/\/fundacjanarowerze.clickmeeting.com\/rowerzysta-na-drodze-jak-uniknac-kolizji-i-mandatow-\/register\">webinar w dniu 21.03.2025 (pi\u0105tek) o godz. 20:30<\/a> Sebastian Gruszka opowie o wybranych przepisach dla rowerzyst\u00f3w i przedstawi je z praktycznego punktu widzenia.<\/p>\n\n\n\n<h2 class=\"wp-block-heading\"><strong>Jak nie zepsu\u0107 roweru naprawiaj\u0105c go?<\/strong><\/h2>\n\n\n\n<p>Bardzo rzadko zdarza si\u0119, aby fachowiec dowolnej profesji ch\u0119tnie dzieli\u0142 si\u0119 swoj\u0105 bezcenn\u0105 wiedz\u0105. My robimy wyj\u0105tek &#8211; na drugi <a href=\"https:\/\/fundacjanarowerze.clickmeeting.com\/rower-w-dobrej-formie-porady-eksperta-i-odpowiedzi-na-twoje-pytania\/register\">webinar zaplanowany na sobot\u0119, 22.03.2025 o godz. 17:00<\/a> zaprosili\u015bmy wykwalifikowanego mechanika rowerowego. Filip Stali\u0144ski z serwisu rowerowego &#8222;Rowersi&#8221; b\u0119dzie odpowiada\u0107 na pytania uczestnik\u00f3w, kt\u00f3re b\u0119dzie mo\u017cna zadawa\u0107 pisemnie na czacie.<\/p>\n\n\n\n<figure class=\"wp-block-image size-large\"><img data-recalc-dims=\"1\" loading=\"lazy\" decoding=\"async\" width=\"750\" height=\"750\" src=\"https:\/\/i0.wp.com\/fundacjanarowerze.pl\/wp-content\/uploads\/2025\/03\/Webinary_zbiorcze-1080x1080-1.jpeg?resize=750%2C750&#038;ssl=1\" alt=\"\" class=\"wp-image-1672\" srcset=\"https:\/\/i0.wp.com\/fundacjanarowerze.pl\/wp-content\/uploads\/2025\/03\/Webinary_zbiorcze-1080x1080-1.jpeg?resize=1024%2C1024&amp;ssl=1 1024w, https:\/\/i0.wp.com\/fundacjanarowerze.pl\/wp-content\/uploads\/2025\/03\/Webinary_zbiorcze-1080x1080-1.jpeg?resize=110%2C110&amp;ssl=1 110w, https:\/\/i0.wp.com\/fundacjanarowerze.pl\/wp-content\/uploads\/2025\/03\/Webinary_zbiorcze-1080x1080-1.jpeg?resize=150%2C150&amp;ssl=1 150w, https:\/\/i0.wp.com\/fundacjanarowerze.pl\/wp-content\/uploads\/2025\/03\/Webinary_zbiorcze-1080x1080-1.jpeg?resize=768%2C768&amp;ssl=1 768w, https:\/\/i0.wp.com\/fundacjanarowerze.pl\/wp-content\/uploads\/2025\/03\/Webinary_zbiorcze-1080x1080-1.jpeg?resize=12%2C12&amp;ssl=1 12w, https:\/\/i0.wp.com\/fundacjanarowerze.pl\/wp-content\/uploads\/2025\/03\/Webinary_zbiorcze-1080x1080-1.jpeg?w=1080&amp;ssl=1 1080w\" sizes=\"auto, (max-width: 750px) 100vw, 750px\" \/><\/figure>\n\n\n\n<h2 class=\"wp-block-heading\"><strong>Jak unikn\u0105\u0107 kontuzji na rowerze?<\/strong><\/h2>\n\n\n\n<p>Kontuzje u rowerzyst\u00f3w niestety si\u0119 zdarzaj\u0105, a wtedy trafiamy do fizjoterapeuty by rozwi\u0105za\u0107 dolegliwo\u015bci b\u00f3lowe. Trzeci z cyklu <a href=\"https:\/\/fundacjanarowerze.clickmeeting.com\/rowerzysto-zadbaj-o-swoje-cialo-trening-z-fizjoterapeutka\/register\">webinar w niedziel\u0119 23.03.2025 o godz. 9:30<\/a> poprowadzi fizjoterapeutka &#8211; Marta \u015amilgiewicz-Toporska z gabinetu Velolab w Gda\u0144sku. Marta poprowadzi dla nas relaksuj\u0105cy trening, aby przygotowa\u0107 cia\u0142o do rowerowej aktywno\u015bci i zregenerowa\u0107 mi\u0119\u015bnie.<\/p>\n\n\n\n<h2 class=\"wp-block-heading\"><strong>Rowerzysta vs kierowca na wsp\u00f3lnej drodze &#8211; jak si\u0119 dogada\u0107?<\/strong><\/h2>\n\n\n\n<p><a href=\"https:\/\/fundacjanarowerze.clickmeeting.com\/kierowca-vs-rowerzysta-jak-wspolnie-zadbac-o-bezpieczenstwo-na-drodze-\/register\">W poniedzia\u0142ek 24.03.2025 o godz. 20:30<\/a> porozmawiamy z ekspertem z zakresu bezpiecze\u0144stwa ruchu drogowego. Go\u015bciem spotkania b\u0119dzie dyrektor Pomorskiego O\u015brodka Ruchu Drogowego w Gda\u0144sku &#8211; Roman Nowak. Postaramy si\u0119 znale\u017a\u0107 rozwi\u0105zania, kt\u00f3re cho\u0107 troch\u0119 pomog\u0105 podnie\u015b\u0107 poziom bezpiecze\u0144stwo niechronionych uczestnik\u00f3w ruchu. Spotkanie polecamy szczeg\u00f3lnie kierowcom, a tak\u017ce rowerzystom.<\/p>\n\n\n\n<h2 class=\"wp-block-heading\"><strong>Rowerem do biura &#8211; jak si\u0119 przygotowa\u0107?<\/strong><\/h2>\n\n\n\n<p>Ostatnie z cyklu <a href=\"https:\/\/fundacjanarowerze.clickmeeting.com\/rowerem-do-biura-praktyczne-porady-dla-poczatkujacych-i-zaawansowanych\/register\">spotkanie w dniu 25.03.2025 (wtorek) o godz. 20:30<\/a> poprowadzi do\u015bwiadczony rowerzysta i kolarz szosowy &#8211; Sebastian Gruszka. Przez 4 lata doje\u017cd\u017ca\u0142 do biura oddalonego o 20 km, co w skali roku przek\u0142ada\u0142o si\u0119 na dystans ok 8000 km. Podr\u00f3\u017cuj\u0105c w ka\u017cdych warunkach pogodowych, w tym tak\u017ce zim\u0105, zebra\u0142 cenne do\u015bwiadczenia, kt\u00f3rymi ch\u0119tnie podzieli si\u0119 podczas ko\u0144cz\u0105cego cykl spotkania.<\/p>\n\n\n\n<p>Udzia\u0142 w wydarzeniach jest bezp\u0142atny, jednak obowi\u0105zuj\u0105 zapisy &#8211; na ka\u017cde spotkanie nale\u017cy zarejestrowa\u0107 si\u0119 oddzielnie. Link do zapis\u00f3w i wi\u0119cej szczeg\u00f3\u0142\u00f3w: <a href=\"https:\/\/fundacjanarowerze.clickmeeting.com\/\">https:\/\/fundacjanarowerze.clickmeeting.com\/<\/a>\u00a0Wydarzenia b\u0119d\u0105 tak\u017ce transmitowane na platformie YouTube na kanale Fundacji Na Rowerze &#8211; uczestnictwo jest mo\u017cliwe bez rejestracji, jednak r\u00f3wnie\u017c bez mo\u017cliwo\u015bci zadawania pyta\u0144 ekspertom.<\/p>\n\n\n\n<p>Osoby, kt\u00f3re nie b\u0119d\u0105 mog\u0142y uczestniczy\u0107 w wydarzeniu na \u017cywo, po zako\u0144czonym spotkaniu otrzymaj\u0105 nagranie na adres mailowy u\u017cyty podczas rejestracji.<\/p>\n\n\n\n<p><strong>HARMONOGRAM:<\/strong><\/p>\n\n\n\n<ol class=\"wp-block-list\">\n<li>21.03.2025 20:30 &#8211; Rowerzysta na drodze &#8211; jak unikn\u0105\u0107 kolizji i mandat\u00f3w?<br>Prowadz\u0105cy: Sebastian Gruszka<\/li>\n\n\n\n<li>22.03.2025 17:00 &#8211; Rower w dobrej formie &#8211; porady eksperta i odpowiedzi na Twoje pytania.<br>Prowadz\u0105cy: Filip Stali\u0144ski i Sebastian Gruszka<\/li>\n\n\n\n<li>23.03.2025 09:30 &#8211; Rowerzysto, zadbaj o swoje cia\u0142o &#8211; trening z fizjoterapeutk\u0105.<br>Prowadz\u0105cy: Marta \u015amilgiewicz-Toporska<\/li>\n\n\n\n<li>24.03.2025 20:30 &#8211; Kierowca vs rowerzysta &#8211; jak wsp\u00f3lnie zadba\u0107 o bezpiecze\u0144stwo na drodze?<br>Prowadz\u0105cy: Roman Nowak i Sebastian Gruszka<\/li>\n\n\n\n<li>25.03.2025 20:30 &#8211; Rowerem do biura &#8211; praktyczne porady dla pocz\u0105tkuj\u0105cych i zaawansowanych.<br>Prowadz\u0105cy: Sebastian Gruszka<\/li>\n<\/ol>\n\n\n\n<figure class=\"wp-block-gallery has-nested-images columns-2 is-cropped wp-block-gallery-1 is-layout-flex wp-block-gallery-is-layout-flex\">\n<figure class=\"wp-block-image size-large\"><img data-recalc-dims=\"1\" loading=\"lazy\" decoding=\"async\" width=\"750\" height=\"750\" data-id=\"1673\" src=\"https:\/\/i0.wp.com\/fundacjanarowerze.pl\/wp-content\/uploads\/2025\/03\/2025-03-24-BRD_Kierowcow_Roman_Nowak-1080x1080-1.jpeg?resize=750%2C750&#038;ssl=1\" alt=\"\" class=\"wp-image-1673\" srcset=\"https:\/\/i0.wp.com\/fundacjanarowerze.pl\/wp-content\/uploads\/2025\/03\/2025-03-24-BRD_Kierowcow_Roman_Nowak-1080x1080-1.jpeg?resize=1024%2C1024&amp;ssl=1 1024w, https:\/\/i0.wp.com\/fundacjanarowerze.pl\/wp-content\/uploads\/2025\/03\/2025-03-24-BRD_Kierowcow_Roman_Nowak-1080x1080-1.jpeg?resize=110%2C110&amp;ssl=1 110w, https:\/\/i0.wp.com\/fundacjanarowerze.pl\/wp-content\/uploads\/2025\/03\/2025-03-24-BRD_Kierowcow_Roman_Nowak-1080x1080-1.jpeg?resize=150%2C150&amp;ssl=1 150w, https:\/\/i0.wp.com\/fundacjanarowerze.pl\/wp-content\/uploads\/2025\/03\/2025-03-24-BRD_Kierowcow_Roman_Nowak-1080x1080-1.jpeg?resize=768%2C768&amp;ssl=1 768w, https:\/\/i0.wp.com\/fundacjanarowerze.pl\/wp-content\/uploads\/2025\/03\/2025-03-24-BRD_Kierowcow_Roman_Nowak-1080x1080-1.jpeg?resize=12%2C12&amp;ssl=1 12w, https:\/\/i0.wp.com\/fundacjanarowerze.pl\/wp-content\/uploads\/2025\/03\/2025-03-24-BRD_Kierowcow_Roman_Nowak-1080x1080-1.jpeg?w=1080&amp;ssl=1 1080w\" sizes=\"auto, (max-width: 750px) 100vw, 750px\" \/><\/figure>\n\n\n\n<figure class=\"wp-block-image size-large\"><img data-recalc-dims=\"1\" loading=\"lazy\" decoding=\"async\" width=\"750\" height=\"750\" data-id=\"1674\" src=\"https:\/\/i0.wp.com\/fundacjanarowerze.pl\/wp-content\/uploads\/2025\/03\/2025-03-23-Fizjoterapia_Marta_Smilgiewicz-Toporska-1080x1080-1.jpeg?resize=750%2C750&#038;ssl=1\" alt=\"\" class=\"wp-image-1674\" srcset=\"https:\/\/i0.wp.com\/fundacjanarowerze.pl\/wp-content\/uploads\/2025\/03\/2025-03-23-Fizjoterapia_Marta_Smilgiewicz-Toporska-1080x1080-1.jpeg?resize=1024%2C1024&amp;ssl=1 1024w, https:\/\/i0.wp.com\/fundacjanarowerze.pl\/wp-content\/uploads\/2025\/03\/2025-03-23-Fizjoterapia_Marta_Smilgiewicz-Toporska-1080x1080-1.jpeg?resize=110%2C110&amp;ssl=1 110w, https:\/\/i0.wp.com\/fundacjanarowerze.pl\/wp-content\/uploads\/2025\/03\/2025-03-23-Fizjoterapia_Marta_Smilgiewicz-Toporska-1080x1080-1.jpeg?resize=150%2C150&amp;ssl=1 150w, https:\/\/i0.wp.com\/fundacjanarowerze.pl\/wp-content\/uploads\/2025\/03\/2025-03-23-Fizjoterapia_Marta_Smilgiewicz-Toporska-1080x1080-1.jpeg?resize=768%2C768&amp;ssl=1 768w, https:\/\/i0.wp.com\/fundacjanarowerze.pl\/wp-content\/uploads\/2025\/03\/2025-03-23-Fizjoterapia_Marta_Smilgiewicz-Toporska-1080x1080-1.jpeg?resize=12%2C12&amp;ssl=1 12w, https:\/\/i0.wp.com\/fundacjanarowerze.pl\/wp-content\/uploads\/2025\/03\/2025-03-23-Fizjoterapia_Marta_Smilgiewicz-Toporska-1080x1080-1.jpeg?w=1080&amp;ssl=1 1080w\" sizes=\"auto, (max-width: 750px) 100vw, 750px\" \/><\/figure>\n\n\n\n<figure class=\"wp-block-image size-large\"><img data-recalc-dims=\"1\" loading=\"lazy\" decoding=\"async\" width=\"750\" height=\"750\" data-id=\"1675\" src=\"https:\/\/i0.wp.com\/fundacjanarowerze.pl\/wp-content\/uploads\/2025\/03\/2025-03-22-Serwis_Filip_Stalinski-1080x1080-1.jpeg?resize=750%2C750&#038;ssl=1\" alt=\"\" class=\"wp-image-1675\" srcset=\"https:\/\/i0.wp.com\/fundacjanarowerze.pl\/wp-content\/uploads\/2025\/03\/2025-03-22-Serwis_Filip_Stalinski-1080x1080-1.jpeg?resize=1024%2C1024&amp;ssl=1 1024w, https:\/\/i0.wp.com\/fundacjanarowerze.pl\/wp-content\/uploads\/2025\/03\/2025-03-22-Serwis_Filip_Stalinski-1080x1080-1.jpeg?resize=110%2C110&amp;ssl=1 110w, https:\/\/i0.wp.com\/fundacjanarowerze.pl\/wp-content\/uploads\/2025\/03\/2025-03-22-Serwis_Filip_Stalinski-1080x1080-1.jpeg?resize=150%2C150&amp;ssl=1 150w, https:\/\/i0.wp.com\/fundacjanarowerze.pl\/wp-content\/uploads\/2025\/03\/2025-03-22-Serwis_Filip_Stalinski-1080x1080-1.jpeg?resize=768%2C768&amp;ssl=1 768w, https:\/\/i0.wp.com\/fundacjanarowerze.pl\/wp-content\/uploads\/2025\/03\/2025-03-22-Serwis_Filip_Stalinski-1080x1080-1.jpeg?resize=12%2C12&amp;ssl=1 12w, https:\/\/i0.wp.com\/fundacjanarowerze.pl\/wp-content\/uploads\/2025\/03\/2025-03-22-Serwis_Filip_Stalinski-1080x1080-1.jpeg?w=1080&amp;ssl=1 1080w\" sizes=\"auto, (max-width: 750px) 100vw, 750px\" \/><\/figure>\n\n\n\n<figure class=\"wp-block-image size-large\"><img data-recalc-dims=\"1\" loading=\"lazy\" decoding=\"async\" width=\"750\" height=\"750\" data-id=\"1676\" src=\"https:\/\/i0.wp.com\/fundacjanarowerze.pl\/wp-content\/uploads\/2025\/03\/2025-03-21_25-BRD_Do_Pracy_Sebastian_Gruszka-1080x1080-1.jpg?resize=750%2C750&#038;ssl=1\" alt=\"\" class=\"wp-image-1676\" srcset=\"https:\/\/i0.wp.com\/fundacjanarowerze.pl\/wp-content\/uploads\/2025\/03\/2025-03-21_25-BRD_Do_Pracy_Sebastian_Gruszka-1080x1080-1.jpg?resize=1024%2C1024&amp;ssl=1 1024w, https:\/\/i0.wp.com\/fundacjanarowerze.pl\/wp-content\/uploads\/2025\/03\/2025-03-21_25-BRD_Do_Pracy_Sebastian_Gruszka-1080x1080-1.jpg?resize=110%2C110&amp;ssl=1 110w, https:\/\/i0.wp.com\/fundacjanarowerze.pl\/wp-content\/uploads\/2025\/03\/2025-03-21_25-BRD_Do_Pracy_Sebastian_Gruszka-1080x1080-1.jpg?resize=150%2C150&amp;ssl=1 150w, https:\/\/i0.wp.com\/fundacjanarowerze.pl\/wp-content\/uploads\/2025\/03\/2025-03-21_25-BRD_Do_Pracy_Sebastian_Gruszka-1080x1080-1.jpg?resize=768%2C768&amp;ssl=1 768w, https:\/\/i0.wp.com\/fundacjanarowerze.pl\/wp-content\/uploads\/2025\/03\/2025-03-21_25-BRD_Do_Pracy_Sebastian_Gruszka-1080x1080-1.jpg?resize=12%2C12&amp;ssl=1 12w, https:\/\/i0.wp.com\/fundacjanarowerze.pl\/wp-content\/uploads\/2025\/03\/2025-03-21_25-BRD_Do_Pracy_Sebastian_Gruszka-1080x1080-1.jpg?w=1080&amp;ssl=1 1080w\" sizes=\"auto, (max-width: 750px) 100vw, 750px\" \/><\/figure>\n<\/figure>","protected":false},"excerpt":{"rendered":"<p>Wraz z pocz\u0105tkiem wiosny zapraszamy rowerzyst\u00f3w na seri\u0119 edukacyjnych webinar\u00f3w prowadzonych przez ekspert\u00f3w z wybranych dziedzin. Przypomnimy zasady bezpiecznego poruszania si\u0119 jedno\u015bladem po drogach, podpowiemy jak samodzielnie naprawi\u0107 rower, poprowadzimy regeneracyjny trening z fizjoterapeutk\u0105 dla ka\u017cdego. Podpowiemy tak\u017ce jak przekona\u0107 si\u0119 do jazdy rowerem do biura. Przepisy ruchu drogowego vs [&hellip;]<\/p>\n","protected":false},"author":1,"featured_media":1671,"comment_status":"closed","ping_status":"open","sticky":false,"template":"","format":"standard","meta":{"_jetpack_memberships_contains_paid_content":false,"footnotes":""},"categories":[7],"tags":[96,24,97,26],"class_list":["post-1670","post","type-post","status-publish","format-standard","has-post-thumbnail","hentry","category-prasowe","tag-edukacja","tag-projekt-spoleczny","tag-szkolenie","tag-webinar"],"yoast_head":"<!-- This site is optimized with the Yoast SEO plugin v27.1.1 - https:\/\/yoast.com\/product\/yoast-seo-wordpress\/ -->\n<title>Wiosenna seria edukacyjnych webinar\u00f3w - Fundacja Na Rowerze<\/title>\n<meta name=\"description\" content=\"Wraz z pocz\u0105tkiem wiosny, Fundacja Na Rowerze zaprasza rowerzyst\u00f3w na cykl bezp\u0142atnych webinar\u00f3w edukacyjnych. 5 spotka\u0144, 4 ekspert\u00f3w...\" \/>\n<meta name=\"robots\" content=\"index, follow, max-snippet:-1, max-image-preview:large, max-video-preview:-1\" \/>\n<link rel=\"canonical\" href=\"https:\/\/fundacjanarowerze.pl\/uk\/blog\/2025\/03\/19\/wiosenna-seria-edukacyjnych-webinarow\/\" \/>\n<meta property=\"og:locale\" content=\"uk_UA\" \/>\n<meta property=\"og:type\" content=\"article\" \/>\n<meta property=\"og:title\" content=\"Wiosenna seria edukacyjnych webinar\u00f3w - Fundacja Na Rowerze\" \/>\n<meta property=\"og:description\" content=\"Wraz z pocz\u0105tkiem wiosny, Fundacja Na Rowerze zaprasza rowerzyst\u00f3w na cykl bezp\u0142atnych webinar\u00f3w edukacyjnych. 5 spotka\u0144, 4 ekspert\u00f3w...\" \/>\n<meta property=\"og:url\" content=\"https:\/\/fundacjanarowerze.pl\/uk\/blog\/2025\/03\/19\/wiosenna-seria-edukacyjnych-webinarow\/\" \/>\n<meta property=\"og:site_name\" content=\"Fundacja Na Rowerze\" \/>\n<meta property=\"article:publisher\" content=\"https:\/\/www.facebook.com\/fundacjanarowerze\" \/>\n<meta property=\"article:published_time\" content=\"2025-03-19T21:03:36+00:00\" \/>\n<meta property=\"article:modified_time\" content=\"2025-03-19T21:03:38+00:00\" \/>\n<meta property=\"og:image\" content=\"https:\/\/i0.wp.com\/fundacjanarowerze.pl\/wp-content\/uploads\/2025\/03\/2025-03-21-BRD_Rowerzystow_Sebastian_Gruszka-1920x1080-1.jpeg?fit=1920%2C1080&ssl=1\" \/>\n\t<meta property=\"og:image:width\" content=\"1920\" \/>\n\t<meta property=\"og:image:height\" content=\"1080\" \/>\n\t<meta property=\"og:image:type\" content=\"image\/jpeg\" \/>\n<meta name=\"author\" content=\"biuro\" \/>\n<meta name=\"twitter:card\" content=\"summary_large_image\" \/>\n<meta name=\"twitter:creator\" content=\"@fundacjanarower\" \/>\n<meta name=\"twitter:site\" content=\"@fundacjanarower\" \/>\n<meta name=\"twitter:label1\" content=\"\u041d\u0430\u043f\u0438\u0441\u0430\u043d\u043e\" \/>\n\t<meta name=\"twitter:data1\" content=\"biuro\" \/>\n\t<meta name=\"twitter:label2\" content=\"\u041f\u0440\u0438\u0431\u043b. \u0447\u0430\u0441 \u0447\u0438\u0442\u0430\u043d\u043d\u044f\" \/>\n\t<meta name=\"twitter:data2\" content=\"4 \u0445\u0432\u0438\u043b\u0438\u043d\u0438\" \/>\n<script type=\"application\/ld+json\" class=\"yoast-schema-graph\">{\"@context\":\"https:\/\/schema.org\",\"@graph\":[{\"@type\":\"Article\",\"@id\":\"https:\/\/fundacjanarowerze.pl\/uk\/blog\/2025\/03\/19\/wiosenna-seria-edukacyjnych-webinarow\/#article\",\"isPartOf\":{\"@id\":\"https:\/\/fundacjanarowerze.pl\/uk\/blog\/2025\/03\/19\/wiosenna-seria-edukacyjnych-webinarow\/\"},\"author\":{\"name\":\"biuro\",\"@id\":\"https:\/\/fundacjanarowerze.pl\/#\/schema\/person\/d108f61586f84a41a98c8f5cdf43bfbc\"},\"headline\":\"Wiosenna seria edukacyjnych webinar\u00f3w\",\"datePublished\":\"2025-03-19T21:03:36+00:00\",\"dateModified\":\"2025-03-19T21:03:38+00:00\",\"mainEntityOfPage\":{\"@id\":\"https:\/\/fundacjanarowerze.pl\/uk\/blog\/2025\/03\/19\/wiosenna-seria-edukacyjnych-webinarow\/\"},\"wordCount\":553,\"publisher\":{\"@id\":\"https:\/\/fundacjanarowerze.pl\/#organization\"},\"image\":{\"@id\":\"https:\/\/fundacjanarowerze.pl\/uk\/blog\/2025\/03\/19\/wiosenna-seria-edukacyjnych-webinarow\/#primaryimage\"},\"thumbnailUrl\":\"https:\/\/i0.wp.com\/fundacjanarowerze.pl\/wp-content\/uploads\/2025\/03\/2025-03-21-BRD_Rowerzystow_Sebastian_Gruszka-1920x1080-1.jpeg?fit=1920%2C1080&ssl=1\",\"keywords\":[\"edukacja\",\"projekt spo\u0142eczny\",\"szkolenie\",\"webinar\"],\"articleSection\":[\"Materia\u0142y Prasowe\"],\"inLanguage\":\"uk\"},{\"@type\":\"WebPage\",\"@id\":\"https:\/\/fundacjanarowerze.pl\/uk\/blog\/2025\/03\/19\/wiosenna-seria-edukacyjnych-webinarow\/\",\"url\":\"https:\/\/fundacjanarowerze.pl\/uk\/blog\/2025\/03\/19\/wiosenna-seria-edukacyjnych-webinarow\/\",\"name\":\"Wiosenna seria edukacyjnych webinar\u00f3w - Fundacja Na Rowerze\",\"isPartOf\":{\"@id\":\"https:\/\/fundacjanarowerze.pl\/#website\"},\"primaryImageOfPage\":{\"@id\":\"https:\/\/fundacjanarowerze.pl\/uk\/blog\/2025\/03\/19\/wiosenna-seria-edukacyjnych-webinarow\/#primaryimage\"},\"image\":{\"@id\":\"https:\/\/fundacjanarowerze.pl\/uk\/blog\/2025\/03\/19\/wiosenna-seria-edukacyjnych-webinarow\/#primaryimage\"},\"thumbnailUrl\":\"https:\/\/i0.wp.com\/fundacjanarowerze.pl\/wp-content\/uploads\/2025\/03\/2025-03-21-BRD_Rowerzystow_Sebastian_Gruszka-1920x1080-1.jpeg?fit=1920%2C1080&ssl=1\",\"datePublished\":\"2025-03-19T21:03:36+00:00\",\"dateModified\":\"2025-03-19T21:03:38+00:00\",\"description\":\"Wraz z pocz\u0105tkiem wiosny, Fundacja Na Rowerze zaprasza rowerzyst\u00f3w na cykl bezp\u0142atnych webinar\u00f3w edukacyjnych. 5 spotka\u0144, 4 ekspert\u00f3w...\",\"breadcrumb\":{\"@id\":\"https:\/\/fundacjanarowerze.pl\/uk\/blog\/2025\/03\/19\/wiosenna-seria-edukacyjnych-webinarow\/#breadcrumb\"},\"inLanguage\":\"uk\",\"potentialAction\":[{\"@type\":\"ReadAction\",\"target\":[\"https:\/\/fundacjanarowerze.pl\/uk\/blog\/2025\/03\/19\/wiosenna-seria-edukacyjnych-webinarow\/\"]}]},{\"@type\":\"ImageObject\",\"inLanguage\":\"uk\",\"@id\":\"https:\/\/fundacjanarowerze.pl\/uk\/blog\/2025\/03\/19\/wiosenna-seria-edukacyjnych-webinarow\/#primaryimage\",\"url\":\"https:\/\/i0.wp.com\/fundacjanarowerze.pl\/wp-content\/uploads\/2025\/03\/2025-03-21-BRD_Rowerzystow_Sebastian_Gruszka-1920x1080-1.jpeg?fit=1920%2C1080&ssl=1\",\"contentUrl\":\"https:\/\/i0.wp.com\/fundacjanarowerze.pl\/wp-content\/uploads\/2025\/03\/2025-03-21-BRD_Rowerzystow_Sebastian_Gruszka-1920x1080-1.jpeg?fit=1920%2C1080&ssl=1\",\"width\":1920,\"height\":1080},{\"@type\":\"BreadcrumbList\",\"@id\":\"https:\/\/fundacjanarowerze.pl\/uk\/blog\/2025\/03\/19\/wiosenna-seria-edukacyjnych-webinarow\/#breadcrumb\",\"itemListElement\":[{\"@type\":\"ListItem\",\"position\":1,\"name\":\"Strona g\u0142\u00f3wna\",\"item\":\"https:\/\/fundacjanarowerze.pl\/\"},{\"@type\":\"ListItem\",\"position\":2,\"name\":\"Wiosenna seria edukacyjnych webinar\u00f3w\"}]},{\"@type\":\"WebSite\",\"@id\":\"https:\/\/fundacjanarowerze.pl\/#website\",\"url\":\"https:\/\/fundacjanarowerze.pl\/\",\"name\":\"Fundacja Na Rowerze\",\"description\":\"Pomagamy rowerzystom zdobywa\u0107 do\u015bwiadczenie w ruchu drogowym\",\"publisher\":{\"@id\":\"https:\/\/fundacjanarowerze.pl\/#organization\"},\"potentialAction\":[{\"@type\":\"SearchAction\",\"target\":{\"@type\":\"EntryPoint\",\"urlTemplate\":\"https:\/\/fundacjanarowerze.pl\/?s={search_term_string}\"},\"query-input\":{\"@type\":\"PropertyValueSpecification\",\"valueRequired\":true,\"valueName\":\"search_term_string\"}}],\"inLanguage\":\"uk\"},{\"@type\":\"Organization\",\"@id\":\"https:\/\/fundacjanarowerze.pl\/#organization\",\"name\":\"Fundacja Na Rowerze\",\"url\":\"https:\/\/fundacjanarowerze.pl\/\",\"logo\":{\"@type\":\"ImageObject\",\"inLanguage\":\"uk\",\"@id\":\"https:\/\/fundacjanarowerze.pl\/#\/schema\/logo\/image\/\",\"url\":\"https:\/\/i2.wp.com\/fundacjanarowerze.pl\/wp-content\/uploads\/2021\/01\/logo_rower_1080x1080.jpg?fit=1080%2C1080&ssl=1\",\"contentUrl\":\"https:\/\/i2.wp.com\/fundacjanarowerze.pl\/wp-content\/uploads\/2021\/01\/logo_rower_1080x1080.jpg?fit=1080%2C1080&ssl=1\",\"width\":1080,\"height\":1080,\"caption\":\"Fundacja Na Rowerze\"},\"image\":{\"@id\":\"https:\/\/fundacjanarowerze.pl\/#\/schema\/logo\/image\/\"},\"sameAs\":[\"https:\/\/www.facebook.com\/fundacjanarowerze\",\"https:\/\/x.com\/fundacjanarower\",\"https:\/\/www.instagram.com\/fundacjanarowerze\"]},{\"@type\":\"Person\",\"@id\":\"https:\/\/fundacjanarowerze.pl\/#\/schema\/person\/d108f61586f84a41a98c8f5cdf43bfbc\",\"name\":\"biuro\",\"image\":{\"@type\":\"ImageObject\",\"inLanguage\":\"uk\",\"@id\":\"https:\/\/fundacjanarowerze.pl\/#\/schema\/person\/image\/\",\"url\":\"https:\/\/secure.gravatar.com\/avatar\/d92140978ec0b7429eaab13081516febdfa11050fdff5d3921faf3c671c89352?s=96&d=mm&r=g\",\"contentUrl\":\"https:\/\/secure.gravatar.com\/avatar\/d92140978ec0b7429eaab13081516febdfa11050fdff5d3921faf3c671c89352?s=96&d=mm&r=g\",\"caption\":\"biuro\"},\"sameAs\":[\"https:\/\/fundacjanarowerze.pl\"],\"url\":\"https:\/\/fundacjanarowerze.pl\/uk\/blog\/author\/admin\/\"}]}<\/script>\n<!-- \/ Yoast SEO plugin. -->","yoast_head_json":{"title":"Wiosenna seria edukacyjnych webinar\u00f3w - Fundacja Na Rowerze","description":"Wraz z pocz\u0105tkiem wiosny, Fundacja Na Rowerze zaprasza rowerzyst\u00f3w na cykl bezp\u0142atnych webinar\u00f3w edukacyjnych. 5 spotka\u0144, 4 ekspert\u00f3w...","robots":{"index":"index","follow":"follow","max-snippet":"max-snippet:-1","max-image-preview":"max-image-preview:large","max-video-preview":"max-video-preview:-1"},"canonical":"https:\/\/fundacjanarowerze.pl\/uk\/blog\/2025\/03\/19\/wiosenna-seria-edukacyjnych-webinarow\/","og_locale":"uk_UA","og_type":"article","og_title":"Wiosenna seria edukacyjnych webinar\u00f3w - Fundacja Na Rowerze","og_description":"Wraz z pocz\u0105tkiem wiosny, Fundacja Na Rowerze zaprasza rowerzyst\u00f3w na cykl bezp\u0142atnych webinar\u00f3w edukacyjnych. 5 spotka\u0144, 4 ekspert\u00f3w...","og_url":"https:\/\/fundacjanarowerze.pl\/uk\/blog\/2025\/03\/19\/wiosenna-seria-edukacyjnych-webinarow\/","og_site_name":"Fundacja Na Rowerze","article_publisher":"https:\/\/www.facebook.com\/fundacjanarowerze","article_published_time":"2025-03-19T21:03:36+00:00","article_modified_time":"2025-03-19T21:03:38+00:00","og_image":[{"width":1920,"height":1080,"url":"https:\/\/i0.wp.com\/fundacjanarowerze.pl\/wp-content\/uploads\/2025\/03\/2025-03-21-BRD_Rowerzystow_Sebastian_Gruszka-1920x1080-1.jpeg?fit=1920%2C1080&ssl=1","type":"image\/jpeg"}],"author":"biuro","twitter_card":"summary_large_image","twitter_creator":"@fundacjanarower","twitter_site":"@fundacjanarower","twitter_misc":{"\u041d\u0430\u043f\u0438\u0441\u0430\u043d\u043e":"biuro","\u041f\u0440\u0438\u0431\u043b. \u0447\u0430\u0441 \u0447\u0438\u0442\u0430\u043d\u043d\u044f":"4 \u0445\u0432\u0438\u043b\u0438\u043d\u0438"},"schema":{"@context":"https:\/\/schema.org","@graph":[{"@type":"Article","@id":"https:\/\/fundacjanarowerze.pl\/uk\/blog\/2025\/03\/19\/wiosenna-seria-edukacyjnych-webinarow\/#article","isPartOf":{"@id":"https:\/\/fundacjanarowerze.pl\/uk\/blog\/2025\/03\/19\/wiosenna-seria-edukacyjnych-webinarow\/"},"author":{"name":"biuro","@id":"https:\/\/fundacjanarowerze.pl\/#\/schema\/person\/d108f61586f84a41a98c8f5cdf43bfbc"},"headline":"Wiosenna seria edukacyjnych webinar\u00f3w","datePublished":"2025-03-19T21:03:36+00:00","dateModified":"2025-03-19T21:03:38+00:00","mainEntityOfPage":{"@id":"https:\/\/fundacjanarowerze.pl\/uk\/blog\/2025\/03\/19\/wiosenna-seria-edukacyjnych-webinarow\/"},"wordCount":553,"publisher":{"@id":"https:\/\/fundacjanarowerze.pl\/#organization"},"image":{"@id":"https:\/\/fundacjanarowerze.pl\/uk\/blog\/2025\/03\/19\/wiosenna-seria-edukacyjnych-webinarow\/#primaryimage"},"thumbnailUrl":"https:\/\/i0.wp.com\/fundacjanarowerze.pl\/wp-content\/uploads\/2025\/03\/2025-03-21-BRD_Rowerzystow_Sebastian_Gruszka-1920x1080-1.jpeg?fit=1920%2C1080&ssl=1","keywords":["edukacja","projekt spo\u0142eczny","szkolenie","webinar"],"articleSection":["Materia\u0142y Prasowe"],"inLanguage":"uk"},{"@type":"WebPage","@id":"https:\/\/fundacjanarowerze.pl\/uk\/blog\/2025\/03\/19\/wiosenna-seria-edukacyjnych-webinarow\/","url":"https:\/\/fundacjanarowerze.pl\/uk\/blog\/2025\/03\/19\/wiosenna-seria-edukacyjnych-webinarow\/","name":"Wiosenna seria edukacyjnych webinar\u00f3w - Fundacja Na Rowerze","isPartOf":{"@id":"https:\/\/fundacjanarowerze.pl\/#website"},"primaryImageOfPage":{"@id":"https:\/\/fundacjanarowerze.pl\/uk\/blog\/2025\/03\/19\/wiosenna-seria-edukacyjnych-webinarow\/#primaryimage"},"image":{"@id":"https:\/\/fundacjanarowerze.pl\/uk\/blog\/2025\/03\/19\/wiosenna-seria-edukacyjnych-webinarow\/#primaryimage"},"thumbnailUrl":"https:\/\/i0.wp.com\/fundacjanarowerze.pl\/wp-content\/uploads\/2025\/03\/2025-03-21-BRD_Rowerzystow_Sebastian_Gruszka-1920x1080-1.jpeg?fit=1920%2C1080&ssl=1","datePublished":"2025-03-19T21:03:36+00:00","dateModified":"2025-03-19T21:03:38+00:00","description":"Wraz z pocz\u0105tkiem wiosny, Fundacja Na Rowerze zaprasza rowerzyst\u00f3w na cykl bezp\u0142atnych webinar\u00f3w edukacyjnych. 5 spotka\u0144, 4 ekspert\u00f3w...","breadcrumb":{"@id":"https:\/\/fundacjanarowerze.pl\/uk\/blog\/2025\/03\/19\/wiosenna-seria-edukacyjnych-webinarow\/#breadcrumb"},"inLanguage":"uk","potentialAction":[{"@type":"ReadAction","target":["https:\/\/fundacjanarowerze.pl\/uk\/blog\/2025\/03\/19\/wiosenna-seria-edukacyjnych-webinarow\/"]}]},{"@type":"ImageObject","inLanguage":"uk","@id":"https:\/\/fundacjanarowerze.pl\/uk\/blog\/2025\/03\/19\/wiosenna-seria-edukacyjnych-webinarow\/#primaryimage","url":"https:\/\/i0.wp.com\/fundacjanarowerze.pl\/wp-content\/uploads\/2025\/03\/2025-03-21-BRD_Rowerzystow_Sebastian_Gruszka-1920x1080-1.jpeg?fit=1920%2C1080&ssl=1","contentUrl":"https:\/\/i0.wp.com\/fundacjanarowerze.pl\/wp-content\/uploads\/2025\/03\/2025-03-21-BRD_Rowerzystow_Sebastian_Gruszka-1920x1080-1.jpeg?fit=1920%2C1080&ssl=1","width":1920,"height":1080},{"@type":"BreadcrumbList","@id":"https:\/\/fundacjanarowerze.pl\/uk\/blog\/2025\/03\/19\/wiosenna-seria-edukacyjnych-webinarow\/#breadcrumb","itemListElement":[{"@type":"ListItem","position":1,"name":"Strona g\u0142\u00f3wna","item":"https:\/\/fundacjanarowerze.pl\/"},{"@type":"ListItem","position":2,"name":"Wiosenna seria edukacyjnych webinar\u00f3w"}]},{"@type":"WebSite","@id":"https:\/\/fundacjanarowerze.pl\/#website","url":"https:\/\/fundacjanarowerze.pl\/","name":"\u0424\u0443\u043d\u0434\u0430\u0446\u0456\u044f Na Rowerze","description":"Pomagamy rowerzystom zdobywa\u0107 do\u015bwiadczenie w ruchu drogowym","publisher":{"@id":"https:\/\/fundacjanarowerze.pl\/#organization"},"potentialAction":[{"@type":"SearchAction","target":{"@type":"EntryPoint","urlTemplate":"https:\/\/fundacjanarowerze.pl\/?s={search_term_string}"},"query-input":{"@type":"PropertyValueSpecification","valueRequired":true,"valueName":"search_term_string"}}],"inLanguage":"uk"},{"@type":"Organization","@id":"https:\/\/fundacjanarowerze.pl\/#organization","name":"\u0424\u0443\u043d\u0434\u0430\u0446\u0456\u044f Na Rowerze","url":"https:\/\/fundacjanarowerze.pl\/","logo":{"@type":"ImageObject","inLanguage":"uk","@id":"https:\/\/fundacjanarowerze.pl\/#\/schema\/logo\/image\/","url":"https:\/\/i2.wp.com\/fundacjanarowerze.pl\/wp-content\/uploads\/2021\/01\/logo_rower_1080x1080.jpg?fit=1080%2C1080&ssl=1","contentUrl":"https:\/\/i2.wp.com\/fundacjanarowerze.pl\/wp-content\/uploads\/2021\/01\/logo_rower_1080x1080.jpg?fit=1080%2C1080&ssl=1","width":1080,"height":1080,"caption":"Fundacja Na Rowerze"},"image":{"@id":"https:\/\/fundacjanarowerze.pl\/#\/schema\/logo\/image\/"},"sameAs":["https:\/\/www.facebook.com\/fundacjanarowerze","https:\/\/x.com\/fundacjanarower","https:\/\/www.instagram.com\/fundacjanarowerze"]},{"@type":"Person","@id":"https:\/\/fundacjanarowerze.pl\/#\/schema\/person\/d108f61586f84a41a98c8f5cdf43bfbc","name":"biuro","image":{"@type":"ImageObject","inLanguage":"uk","@id":"https:\/\/fundacjanarowerze.pl\/#\/schema\/person\/image\/","url":"https:\/\/secure.gravatar.com\/avatar\/d92140978ec0b7429eaab13081516febdfa11050fdff5d3921faf3c671c89352?s=96&d=mm&r=g","contentUrl":"https:\/\/secure.gravatar.com\/avatar\/d92140978ec0b7429eaab13081516febdfa11050fdff5d3921faf3c671c89352?s=96&d=mm&r=g","caption":"biuro"},"sameAs":["https:\/\/fundacjanarowerze.pl"],"url":"https:\/\/fundacjanarowerze.pl\/uk\/blog\/author\/admin\/"}]}},"jetpack_featured_media_url":"https:\/\/i0.wp.com\/fundacjanarowerze.pl\/wp-content\/uploads\/2025\/03\/2025-03-21-BRD_Rowerzystow_Sebastian_Gruszka-1920x1080-1.jpeg?fit=1920%2C1080&ssl=1","jetpack_sharing_enabled":true,"_links":{"self":[{"href":"https:\/\/fundacjanarowerze.pl\/uk\/wp-json\/wp\/v2\/posts\/1670","targetHints":{"allow":["GET"]}}],"collection":[{"href":"https:\/\/fundacjanarowerze.pl\/uk\/wp-json\/wp\/v2\/posts"}],"about":[{"href":"https:\/\/fundacjanarowerze.pl\/uk\/wp-json\/wp\/v2\/types\/post"}],"author":[{"embeddable":true,"href":"https:\/\/fundacjanarowerze.pl\/uk\/wp-json\/wp\/v2\/users\/1"}],"replies":[{"embeddable":true,"href":"https:\/\/fundacjanarowerze.pl\/uk\/wp-json\/wp\/v2\/comments?post=1670"}],"version-history":[{"count":1,"href":"https:\/\/fundacjanarowerze.pl\/uk\/wp-json\/wp\/v2\/posts\/1670\/revisions"}],"predecessor-version":[{"id":1677,"href":"https:\/\/fundacjanarowerze.pl\/uk\/wp-json\/wp\/v2\/posts\/1670\/revisions\/1677"}],"wp:featuredmedia":[{"embeddable":true,"href":"https:\/\/fundacjanarowerze.pl\/uk\/wp-json\/wp\/v2\/media\/1671"}],"wp:attachment":[{"href":"https:\/\/fundacjanarowerze.pl\/uk\/wp-json\/wp\/v2\/media?parent=1670"}],"wp:term":[{"taxonomy":"category","embeddable":true,"href":"https:\/\/fundacjanarowerze.pl\/uk\/wp-json\/wp\/v2\/categories?post=1670"},{"taxonomy":"post_tag","embeddable":true,"href":"https:\/\/fundacjanarowerze.pl\/uk\/wp-json\/wp\/v2\/tags?post=1670"}],"curies":[{"name":"wp","href":"https:\/\/api.w.org\/{rel}","templated":true}]}}