{"id":816,"date":"2022-06-24T17:08:46","date_gmt":"2022-06-24T16:08:46","guid":{"rendered":"https:\/\/fundacjanarowerze.pl\/?p=816"},"modified":"2022-06-24T17:09:37","modified_gmt":"2022-06-24T16:09:37","slug":"wyklady-plenerowe-2-3-lipca-2022","status":"publish","type":"post","link":"https:\/\/fundacjanarowerze.pl\/uk\/blog\/2022\/06\/24\/wyklady-plenerowe-2-3-lipca-2022\/","title":{"rendered":"Wyk\u0142ady plenerowe &#8211; 2-3 lipca 2022"},"content":{"rendered":"<p>Na rowerze, hulajnodze\u2026 Czy wiesz jak bezpiecznie zachowa\u0107 si\u0119 na drodze? Zatrzymaj si\u0119 i pos\u0142uchaj cennych rad &#8211; zapraszamy na Wyk\u0142ady Plenerowe!<\/p>\n\n\n\n<p>Wydarzenie jest bezp\u0142atne i otwarte dla wszystkich zainteresowanych.<\/p>\n\n\n\n<h2 class=\"has-text-align-center wp-block-heading\">Harmonogram wydarzenia:<\/h2>\n\n\n\n<p><strong>11:00<\/strong> Wsp\u00f3\u0142praca na drodze przez Empati\u0119 (wyk\u0142ad)<\/p>\n\n\n\n<p><strong>12:15<\/strong> Rowerowa Lekcja Jazdy (warsztaty praktyczne)<\/p>\n\n\n\n<p><strong>13:00<\/strong> Rowerzysta na drodze &#8211; prawa i obowi\u0105zki (wyk\u0142ad)<\/p>\n\n\n\n<p><strong>14:15<\/strong> Kaski rowerowe &#8211; czego nie m\u00f3wi\u0105 nam sprzedawcy (w sobot\u0119: prelekcja, w niedziel\u0119: rozmowa z go\u015bciem specjalnym &#8211; Mariusz Krzywiel)<\/p>\n\n\n\n<p><strong>15:00<\/strong> Hulajnogi i inne UTO (wyk\u0142ad)<\/p>\n\n\n\n<h2 class=\"has-text-align-center wp-block-heading\">Gdzie i kiedy:<\/h2>\n\n\n\n<div class=\"wp-block-columns is-layout-flex wp-container-core-columns-is-layout-28f84493 wp-block-columns-is-layout-flex\">\n<div class=\"wp-block-column is-layout-flow wp-block-column-is-layout-flow\">\n<h3 class=\"has-text-align-center wp-block-heading\">2.07.2022 (sobota)<\/h3>\n\n\n\n<p class=\"has-text-align-center\">Gda\u0144sk, Park Oru\u0144ski<br>(<a href=\"https:\/\/www.trojmiasto.pl\/Scena-Muzyczna-Gdansk-o357.html\" target=\"_blank\" rel=\"noreferrer noopener\">Gda\u0144ski Archipelag Kultury &#8211; Scena Muzyczna<\/a>)<\/p>\n<\/div>\n\n\n\n<div class=\"wp-block-column is-layout-flow wp-block-column-is-layout-flow\">\n<h3 class=\"has-text-align-center wp-block-heading\">3.07.2022 (niedziela)<\/h3>\n\n\n\n<p class=\"has-text-align-center\">Gda\u0144sk, Park Jelitkowski<br>(<a href=\"https:\/\/www.trojmiasto.pl\/Rowelove-o85036.html\" target=\"_blank\" rel=\"noreferrer noopener\">Cafe&amp;Bistro RoweLove<\/a>)<\/p>\n<\/div>\n<\/div>\n\n\n\n<h2 class=\"has-text-align-center wp-block-heading\">Prowadz\u0105cy:<\/h2>\n\n\n\n<div class=\"wp-block-media-text alignwide is-stacked-on-mobile\"><figure class=\"wp-block-media-text__media\"><img data-recalc-dims=\"1\" loading=\"lazy\" decoding=\"async\" width=\"603\" height=\"603\" src=\"https:\/\/i0.wp.com\/fundacjanarowerze.pl\/wp-content\/uploads\/2021\/03\/5a3919166f142_o_large.jpg?resize=603%2C603&#038;ssl=1\" alt=\"\" class=\"wp-image-540 size-full\" srcset=\"https:\/\/i0.wp.com\/fundacjanarowerze.pl\/wp-content\/uploads\/2021\/03\/5a3919166f142_o_large.jpg?w=603&amp;ssl=1 603w, https:\/\/i0.wp.com\/fundacjanarowerze.pl\/wp-content\/uploads\/2021\/03\/5a3919166f142_o_large.jpg?resize=110%2C110&amp;ssl=1 110w, https:\/\/i0.wp.com\/fundacjanarowerze.pl\/wp-content\/uploads\/2021\/03\/5a3919166f142_o_large.jpg?resize=150%2C150&amp;ssl=1 150w\" sizes=\"auto, (max-width: 603px) 100vw, 603px\" \/><\/figure><div class=\"wp-block-media-text__content\">\n<p class=\"has-large-font-size\">Roman Nowak<\/p>\n\n\n\n<p class=\"has-medium-font-size\">dyrektor Pomorskiego O\u015brodka Ruchu Drogowego w Gda\u0144sku, ekspert w dziedzinie przepis\u00f3w ruchu drogowego, do\u015bwiadczony szkoleniowiec. Swoje do\u015bwiadczenie zdobywa g\u0142\u00f3wnie przez praktyk\u0119. Rowerzysta z zami\u0142owania.<\/p>\n<\/div><\/div>\n\n\n\n<div class=\"wp-block-media-text alignwide is-stacked-on-mobile\"><figure class=\"wp-block-media-text__media\"><img data-recalc-dims=\"1\" loading=\"lazy\" decoding=\"async\" width=\"750\" height=\"750\" src=\"https:\/\/i0.wp.com\/fundacjanarowerze.pl\/wp-content\/uploads\/2021\/01\/sg_profilowe.jpg?resize=750%2C750&#038;ssl=1\" alt=\"Sebastian Gruszka Prezes Fundacji\" class=\"wp-image-24 size-full\"\/><\/figure><div class=\"wp-block-media-text__content\">\n<p class=\"has-large-font-size\">\u0421\u0435\u0431\u0430\u0441\u0442\u044c\u044f\u043d \u0413\u0440\u0443\u0448\u043a\u0430<\/p>\n\n\n\n<p class=\"has-medium-font-size\">za\u0142o\u017cyciel i prezes Fundacji Na Rowerze, promotor bezpiecznej jazdy rowerem, instruktor Rowerowych Lekcji Jazdy i do\u015bwiadczony sportowiec. Rowerem rocznie pokonuje oko\u0142o 10 tysi\u0119cy kilometr\u00f3w.<\/p>\n<\/div><\/div>\n\n\n\n<h2 class=\"has-text-align-center wp-block-heading\">Patronat Honorowy:<\/h2>\n\n\n\n<p><a href=\"https:\/\/gdansk.pl\">Prezydent Miasta Gda\u0144ska &#8211; Aleksandra Dulkiewicz<\/a><\/p>\n\n\n\n<p><a href=\"https:\/\/pomorskie.eu\">Marsza\u0142ek Wojew\u00f3dztwa Pomorskiego &#8211; Mieczys\u0142aw Struk<\/a><\/p>\n\n\n\n<h2 class=\"has-text-align-center wp-block-heading\">Patronat Medialny:\u00a0<\/h2>\n\n\n\n<p>Portal <a href=\"http:\/\/xn--trjmiasto-66a.pl\">tr\u00f3jmiasto.pl<\/a> &#8211; sprawd\u017a wydarzenie w kalendarzu imprez:<\/p>\n\n\n\n<ul class=\"wp-block-list\"><li>sobota: <a href=\"https:\/\/rowery.trojmiasto.pl\/Pomorze-Na-Rowerze-wyklady-plenerowe-imp522199.html\">https:\/\/rowery.trojmiasto.pl\/Pomorze-Na-Rowerze-wyklady-plenerowe-imp522199.html<\/a><\/li><li>niedziela: <a href=\"https:\/\/rowery.trojmiasto.pl\/Pomorze-Na-Rowerze-wyklady-plenerowe-imp522198.html\">https:\/\/rowery.trojmiasto.pl\/Pomorze-Na-Rowerze-wyklady-plenerowe-imp522198.html<\/a><\/li><\/ul>\n\n\n\n<p><a href=\"https:\/\/radiogdansk.pl\/\">Radio Gda\u0144sk<\/a><\/p>\n\n\n\n<h2 class=\"has-text-align-center wp-block-heading\">Partnerzy:<\/h2>\n\n\n\n<ul class=\"wp-block-list\"><li><a href=\"https:\/\/www.facebook.com\/Rowelove.Jelitkowo\">RoweLove Bistro&amp;Cafe<\/a><\/li><li><a href=\"https:\/\/roweroweprzymorze.pl\">Rowerowe Przymorze<\/a><\/li><li><a href=\"https:\/\/rowersi.pl\">Rowersi<\/a><\/li><li><a href=\"https:\/\/gdansk.pl\">Miasto Gda\u0144sk<\/a><\/li><li><a href=\"https:\/\/gak.gda.pl\">Gda\u0144ski Archipelag Kultury &#8211; Scena Muzyczna<\/a><\/li><li><a href=\"https:\/\/fundacjarc.org.pl\">Fundacja RC<\/a><\/li><\/ul>\n\n\n\n<p>Zadanie realizowane jest w ramach projektu Pomorze Na Rowerze &#8211; edycja 2022. Projekt jest dofinansowany w ramach Funduszu Nowy Akumulator Spo\u0142eczny, ze \u015brodk\u00f3w Programu Funduszu Inicjatyw Obywatelskich NOWEFIO.<\/p>\n\n\n<figure class=\"wp-block-post-featured-image\"><img data-recalc-dims=\"1\" loading=\"lazy\" decoding=\"async\" width=\"750\" height=\"422\" src=\"https:\/\/i0.wp.com\/fundacjanarowerze.pl\/wp-content\/uploads\/2022\/06\/wyklady-plenerowe-fb-wydarzenie.png?resize=750%2C422&#038;ssl=1\" class=\"attachment-post-thumbnail size-post-thumbnail wp-post-image\" alt=\"\" style=\"object-fit:cover;\" srcset=\"https:\/\/i0.wp.com\/fundacjanarowerze.pl\/wp-content\/uploads\/2022\/06\/wyklady-plenerowe-fb-wydarzenie.png?w=1920&amp;ssl=1 1920w, https:\/\/i0.wp.com\/fundacjanarowerze.pl\/wp-content\/uploads\/2022\/06\/wyklady-plenerowe-fb-wydarzenie.png?resize=196%2C110&amp;ssl=1 196w, https:\/\/i0.wp.com\/fundacjanarowerze.pl\/wp-content\/uploads\/2022\/06\/wyklady-plenerowe-fb-wydarzenie.png?resize=1024%2C576&amp;ssl=1 1024w, https:\/\/i0.wp.com\/fundacjanarowerze.pl\/wp-content\/uploads\/2022\/06\/wyklady-plenerowe-fb-wydarzenie.png?resize=768%2C432&amp;ssl=1 768w, https:\/\/i0.wp.com\/fundacjanarowerze.pl\/wp-content\/uploads\/2022\/06\/wyklady-plenerowe-fb-wydarzenie.png?resize=1536%2C864&amp;ssl=1 1536w\" sizes=\"auto, (max-width: 750px) 100vw, 750px\" \/><\/figure>","protected":false},"excerpt":{"rendered":"<p>Na rowerze, hulajnodze\u2026 Czy wiesz jak bezpiecznie zachowa\u0107 si\u0119 na drodze? Zatrzymaj si\u0119 i pos\u0142uchaj cennych rad &#8211; zapraszamy na Wyk\u0142ady Plenerowe! Wydarzenie jest bezp\u0142atne i otwarte dla wszystkich zainteresowanych. Harmonogram wydarzenia: 11:00 Wsp\u00f3\u0142praca na drodze przez Empati\u0119 (wyk\u0142ad) 12:15 Rowerowa Lekcja Jazdy (warsztaty praktyczne) 13:00 Rowerzysta na drodze &#8211; [&hellip;]<\/p>\n","protected":false},"author":1,"featured_media":817,"comment_status":"closed","ping_status":"open","sticky":false,"template":"","format":"standard","meta":{"_jetpack_memberships_contains_paid_content":false,"footnotes":""},"categories":[7],"tags":[9,36,23,24,39],"class_list":["post-816","post","type-post","status-publish","format-standard","has-post-thumbnail","hentry","category-prasowe","tag-bezpiecznie-rowerem","tag-gdansk","tag-pomorze-na-rowerze","tag-projekt-spoleczny","tag-wyklad"],"yoast_head":"<!-- This site is optimized with the Yoast SEO plugin v27.1.1 - https:\/\/yoast.com\/product\/yoast-seo-wordpress\/ -->\n<title>Wyk\u0142ady plenerowe - 2-3 lipca 2022 - Fundacja Na Rowerze<\/title>\n<meta name=\"robots\" content=\"index, follow, max-snippet:-1, max-image-preview:large, max-video-preview:-1\" \/>\n<link rel=\"canonical\" href=\"https:\/\/fundacjanarowerze.pl\/uk\/blog\/2022\/06\/24\/wyklady-plenerowe-2-3-lipca-2022\/\" \/>\n<meta property=\"og:locale\" content=\"uk_UA\" \/>\n<meta property=\"og:type\" content=\"article\" \/>\n<meta property=\"og:title\" content=\"Wyk\u0142ady plenerowe - 2-3 lipca 2022 - Fundacja Na Rowerze\" \/>\n<meta property=\"og:description\" content=\"Na rowerze, hulajnodze\u2026 Czy wiesz jak bezpiecznie zachowa\u0107 si\u0119 na drodze? Zatrzymaj si\u0119 i pos\u0142uchaj cennych rad &#8211; zapraszamy na Wyk\u0142ady Plenerowe! Wydarzenie jest bezp\u0142atne i otwarte dla wszystkich zainteresowanych. Harmonogram wydarzenia: 11:00 Wsp\u00f3\u0142praca na drodze przez Empati\u0119 (wyk\u0142ad) 12:15 Rowerowa Lekcja Jazdy (warsztaty praktyczne) 13:00 Rowerzysta na drodze &#8211; [&hellip;]\" \/>\n<meta property=\"og:url\" content=\"https:\/\/fundacjanarowerze.pl\/uk\/blog\/2022\/06\/24\/wyklady-plenerowe-2-3-lipca-2022\/\" \/>\n<meta property=\"og:site_name\" content=\"Fundacja Na Rowerze\" \/>\n<meta property=\"article:publisher\" content=\"https:\/\/www.facebook.com\/fundacjanarowerze\" \/>\n<meta property=\"article:published_time\" content=\"2022-06-24T16:08:46+00:00\" \/>\n<meta property=\"article:modified_time\" content=\"2022-06-24T16:09:37+00:00\" \/>\n<meta property=\"og:image\" content=\"https:\/\/fundacjanarowerze.pl\/wp-content\/uploads\/2022\/06\/wyklady-plenerowe-fb-wydarzenie.png\" \/>\n\t<meta property=\"og:image:width\" content=\"1920\" \/>\n\t<meta property=\"og:image:height\" content=\"1080\" \/>\n\t<meta property=\"og:image:type\" content=\"image\/png\" \/>\n<meta name=\"author\" content=\"biuro\" \/>\n<meta name=\"twitter:card\" content=\"summary_large_image\" \/>\n<meta name=\"twitter:creator\" content=\"@fundacjanarower\" \/>\n<meta name=\"twitter:site\" content=\"@fundacjanarower\" \/>\n<meta name=\"twitter:label1\" content=\"\u041d\u0430\u043f\u0438\u0441\u0430\u043d\u043e\" \/>\n\t<meta name=\"twitter:data1\" content=\"biuro\" \/>\n\t<meta name=\"twitter:label2\" content=\"\u041f\u0440\u0438\u0431\u043b. \u0447\u0430\u0441 \u0447\u0438\u0442\u0430\u043d\u043d\u044f\" \/>\n\t<meta name=\"twitter:data2\" content=\"2 \u0445\u0432\u0438\u043b\u0438\u043d\u0438\" \/>\n<script type=\"application\/ld+json\" class=\"yoast-schema-graph\">{\"@context\":\"https:\/\/schema.org\",\"@graph\":[{\"@type\":\"Article\",\"@id\":\"https:\/\/fundacjanarowerze.pl\/blog\/2022\/06\/24\/wyklady-plenerowe-2-3-lipca-2022\/#article\",\"isPartOf\":{\"@id\":\"https:\/\/fundacjanarowerze.pl\/blog\/2022\/06\/24\/wyklady-plenerowe-2-3-lipca-2022\/\"},\"author\":{\"name\":\"biuro\",\"@id\":\"https:\/\/fundacjanarowerze.pl\/#\/schema\/person\/d108f61586f84a41a98c8f5cdf43bfbc\"},\"headline\":\"Wyk\u0142ady plenerowe &#8211; 2-3 lipca 2022\",\"datePublished\":\"2022-06-24T16:08:46+00:00\",\"dateModified\":\"2022-06-24T16:09:37+00:00\",\"mainEntityOfPage\":{\"@id\":\"https:\/\/fundacjanarowerze.pl\/blog\/2022\/06\/24\/wyklady-plenerowe-2-3-lipca-2022\/\"},\"wordCount\":279,\"publisher\":{\"@id\":\"https:\/\/fundacjanarowerze.pl\/#organization\"},\"image\":{\"@id\":\"https:\/\/fundacjanarowerze.pl\/blog\/2022\/06\/24\/wyklady-plenerowe-2-3-lipca-2022\/#primaryimage\"},\"thumbnailUrl\":\"https:\/\/i0.wp.com\/fundacjanarowerze.pl\/wp-content\/uploads\/2022\/06\/wyklady-plenerowe-fb-wydarzenie.png?fit=1920%2C1080&ssl=1\",\"keywords\":[\"bezpiecznie rowerem\",\"gda\u0144sk\",\"pomorze na rowerze\",\"projekt spo\u0142eczny\",\"wyk\u0142ad\"],\"articleSection\":[\"Materia\u0142y Prasowe\"],\"inLanguage\":\"uk\"},{\"@type\":\"WebPage\",\"@id\":\"https:\/\/fundacjanarowerze.pl\/blog\/2022\/06\/24\/wyklady-plenerowe-2-3-lipca-2022\/\",\"url\":\"https:\/\/fundacjanarowerze.pl\/blog\/2022\/06\/24\/wyklady-plenerowe-2-3-lipca-2022\/\",\"name\":\"Wyk\u0142ady plenerowe - 2-3 lipca 2022 - Fundacja Na Rowerze\",\"isPartOf\":{\"@id\":\"https:\/\/fundacjanarowerze.pl\/#website\"},\"primaryImageOfPage\":{\"@id\":\"https:\/\/fundacjanarowerze.pl\/blog\/2022\/06\/24\/wyklady-plenerowe-2-3-lipca-2022\/#primaryimage\"},\"image\":{\"@id\":\"https:\/\/fundacjanarowerze.pl\/blog\/2022\/06\/24\/wyklady-plenerowe-2-3-lipca-2022\/#primaryimage\"},\"thumbnailUrl\":\"https:\/\/i0.wp.com\/fundacjanarowerze.pl\/wp-content\/uploads\/2022\/06\/wyklady-plenerowe-fb-wydarzenie.png?fit=1920%2C1080&ssl=1\",\"datePublished\":\"2022-06-24T16:08:46+00:00\",\"dateModified\":\"2022-06-24T16:09:37+00:00\",\"breadcrumb\":{\"@id\":\"https:\/\/fundacjanarowerze.pl\/blog\/2022\/06\/24\/wyklady-plenerowe-2-3-lipca-2022\/#breadcrumb\"},\"inLanguage\":\"uk\",\"potentialAction\":[{\"@type\":\"ReadAction\",\"target\":[\"https:\/\/fundacjanarowerze.pl\/blog\/2022\/06\/24\/wyklady-plenerowe-2-3-lipca-2022\/\"]}]},{\"@type\":\"ImageObject\",\"inLanguage\":\"uk\",\"@id\":\"https:\/\/fundacjanarowerze.pl\/blog\/2022\/06\/24\/wyklady-plenerowe-2-3-lipca-2022\/#primaryimage\",\"url\":\"https:\/\/i0.wp.com\/fundacjanarowerze.pl\/wp-content\/uploads\/2022\/06\/wyklady-plenerowe-fb-wydarzenie.png?fit=1920%2C1080&ssl=1\",\"contentUrl\":\"https:\/\/i0.wp.com\/fundacjanarowerze.pl\/wp-content\/uploads\/2022\/06\/wyklady-plenerowe-fb-wydarzenie.png?fit=1920%2C1080&ssl=1\",\"width\":1920,\"height\":1080},{\"@type\":\"BreadcrumbList\",\"@id\":\"https:\/\/fundacjanarowerze.pl\/blog\/2022\/06\/24\/wyklady-plenerowe-2-3-lipca-2022\/#breadcrumb\",\"itemListElement\":[{\"@type\":\"ListItem\",\"position\":1,\"name\":\"Strona g\u0142\u00f3wna\",\"item\":\"https:\/\/fundacjanarowerze.pl\/\"},{\"@type\":\"ListItem\",\"position\":2,\"name\":\"Wyk\u0142ady plenerowe &#8211; 2-3 lipca 2022\"}]},{\"@type\":\"WebSite\",\"@id\":\"https:\/\/fundacjanarowerze.pl\/#website\",\"url\":\"https:\/\/fundacjanarowerze.pl\/\",\"name\":\"Fundacja Na Rowerze\",\"description\":\"Pomagamy rowerzystom zdobywa\u0107 do\u015bwiadczenie w ruchu drogowym\",\"publisher\":{\"@id\":\"https:\/\/fundacjanarowerze.pl\/#organization\"},\"potentialAction\":[{\"@type\":\"SearchAction\",\"target\":{\"@type\":\"EntryPoint\",\"urlTemplate\":\"https:\/\/fundacjanarowerze.pl\/?s={search_term_string}\"},\"query-input\":{\"@type\":\"PropertyValueSpecification\",\"valueRequired\":true,\"valueName\":\"search_term_string\"}}],\"inLanguage\":\"uk\"},{\"@type\":\"Organization\",\"@id\":\"https:\/\/fundacjanarowerze.pl\/#organization\",\"name\":\"Fundacja Na Rowerze\",\"url\":\"https:\/\/fundacjanarowerze.pl\/\",\"logo\":{\"@type\":\"ImageObject\",\"inLanguage\":\"uk\",\"@id\":\"https:\/\/fundacjanarowerze.pl\/#\/schema\/logo\/image\/\",\"url\":\"https:\/\/i2.wp.com\/fundacjanarowerze.pl\/wp-content\/uploads\/2021\/01\/logo_rower_1080x1080.jpg?fit=1080%2C1080&ssl=1\",\"contentUrl\":\"https:\/\/i2.wp.com\/fundacjanarowerze.pl\/wp-content\/uploads\/2021\/01\/logo_rower_1080x1080.jpg?fit=1080%2C1080&ssl=1\",\"width\":1080,\"height\":1080,\"caption\":\"Fundacja Na Rowerze\"},\"image\":{\"@id\":\"https:\/\/fundacjanarowerze.pl\/#\/schema\/logo\/image\/\"},\"sameAs\":[\"https:\/\/www.facebook.com\/fundacjanarowerze\",\"https:\/\/x.com\/fundacjanarower\",\"https:\/\/www.instagram.com\/fundacjanarowerze\"]},{\"@type\":\"Person\",\"@id\":\"https:\/\/fundacjanarowerze.pl\/#\/schema\/person\/d108f61586f84a41a98c8f5cdf43bfbc\",\"name\":\"biuro\",\"image\":{\"@type\":\"ImageObject\",\"inLanguage\":\"uk\",\"@id\":\"https:\/\/fundacjanarowerze.pl\/#\/schema\/person\/image\/\",\"url\":\"https:\/\/secure.gravatar.com\/avatar\/d92140978ec0b7429eaab13081516febdfa11050fdff5d3921faf3c671c89352?s=96&d=mm&r=g\",\"contentUrl\":\"https:\/\/secure.gravatar.com\/avatar\/d92140978ec0b7429eaab13081516febdfa11050fdff5d3921faf3c671c89352?s=96&d=mm&r=g\",\"caption\":\"biuro\"},\"sameAs\":[\"https:\/\/fundacjanarowerze.pl\"],\"url\":\"https:\/\/fundacjanarowerze.pl\/uk\/blog\/author\/admin\/\"}]}<\/script>\n<!-- \/ Yoast SEO plugin. -->","yoast_head_json":{"title":"Wyk\u0142ady plenerowe - 2-3 lipca 2022 - Fundacja Na Rowerze","robots":{"index":"index","follow":"follow","max-snippet":"max-snippet:-1","max-image-preview":"max-image-preview:large","max-video-preview":"max-video-preview:-1"},"canonical":"https:\/\/fundacjanarowerze.pl\/uk\/blog\/2022\/06\/24\/wyklady-plenerowe-2-3-lipca-2022\/","og_locale":"uk_UA","og_type":"article","og_title":"Wyk\u0142ady plenerowe - 2-3 lipca 2022 - Fundacja Na Rowerze","og_description":"Na rowerze, hulajnodze\u2026 Czy wiesz jak bezpiecznie zachowa\u0107 si\u0119 na drodze? Zatrzymaj si\u0119 i pos\u0142uchaj cennych rad &#8211; zapraszamy na Wyk\u0142ady Plenerowe! Wydarzenie jest bezp\u0142atne i otwarte dla wszystkich zainteresowanych. Harmonogram wydarzenia: 11:00 Wsp\u00f3\u0142praca na drodze przez Empati\u0119 (wyk\u0142ad) 12:15 Rowerowa Lekcja Jazdy (warsztaty praktyczne) 13:00 Rowerzysta na drodze &#8211; [&hellip;]","og_url":"https:\/\/fundacjanarowerze.pl\/uk\/blog\/2022\/06\/24\/wyklady-plenerowe-2-3-lipca-2022\/","og_site_name":"Fundacja Na Rowerze","article_publisher":"https:\/\/www.facebook.com\/fundacjanarowerze","article_published_time":"2022-06-24T16:08:46+00:00","article_modified_time":"2022-06-24T16:09:37+00:00","og_image":[{"width":1920,"height":1080,"url":"https:\/\/fundacjanarowerze.pl\/wp-content\/uploads\/2022\/06\/wyklady-plenerowe-fb-wydarzenie.png","type":"image\/png"}],"author":"biuro","twitter_card":"summary_large_image","twitter_creator":"@fundacjanarower","twitter_site":"@fundacjanarower","twitter_misc":{"\u041d\u0430\u043f\u0438\u0441\u0430\u043d\u043e":"biuro","\u041f\u0440\u0438\u0431\u043b. \u0447\u0430\u0441 \u0447\u0438\u0442\u0430\u043d\u043d\u044f":"2 \u0445\u0432\u0438\u043b\u0438\u043d\u0438"},"schema":{"@context":"https:\/\/schema.org","@graph":[{"@type":"Article","@id":"https:\/\/fundacjanarowerze.pl\/blog\/2022\/06\/24\/wyklady-plenerowe-2-3-lipca-2022\/#article","isPartOf":{"@id":"https:\/\/fundacjanarowerze.pl\/blog\/2022\/06\/24\/wyklady-plenerowe-2-3-lipca-2022\/"},"author":{"name":"biuro","@id":"https:\/\/fundacjanarowerze.pl\/#\/schema\/person\/d108f61586f84a41a98c8f5cdf43bfbc"},"headline":"Wyk\u0142ady plenerowe &#8211; 2-3 lipca 2022","datePublished":"2022-06-24T16:08:46+00:00","dateModified":"2022-06-24T16:09:37+00:00","mainEntityOfPage":{"@id":"https:\/\/fundacjanarowerze.pl\/blog\/2022\/06\/24\/wyklady-plenerowe-2-3-lipca-2022\/"},"wordCount":279,"publisher":{"@id":"https:\/\/fundacjanarowerze.pl\/#organization"},"image":{"@id":"https:\/\/fundacjanarowerze.pl\/blog\/2022\/06\/24\/wyklady-plenerowe-2-3-lipca-2022\/#primaryimage"},"thumbnailUrl":"https:\/\/i0.wp.com\/fundacjanarowerze.pl\/wp-content\/uploads\/2022\/06\/wyklady-plenerowe-fb-wydarzenie.png?fit=1920%2C1080&ssl=1","keywords":["bezpiecznie rowerem","gda\u0144sk","pomorze na rowerze","projekt spo\u0142eczny","wyk\u0142ad"],"articleSection":["Materia\u0142y Prasowe"],"inLanguage":"uk"},{"@type":"WebPage","@id":"https:\/\/fundacjanarowerze.pl\/blog\/2022\/06\/24\/wyklady-plenerowe-2-3-lipca-2022\/","url":"https:\/\/fundacjanarowerze.pl\/blog\/2022\/06\/24\/wyklady-plenerowe-2-3-lipca-2022\/","name":"Wyk\u0142ady plenerowe - 2-3 lipca 2022 - Fundacja Na Rowerze","isPartOf":{"@id":"https:\/\/fundacjanarowerze.pl\/#website"},"primaryImageOfPage":{"@id":"https:\/\/fundacjanarowerze.pl\/blog\/2022\/06\/24\/wyklady-plenerowe-2-3-lipca-2022\/#primaryimage"},"image":{"@id":"https:\/\/fundacjanarowerze.pl\/blog\/2022\/06\/24\/wyklady-plenerowe-2-3-lipca-2022\/#primaryimage"},"thumbnailUrl":"https:\/\/i0.wp.com\/fundacjanarowerze.pl\/wp-content\/uploads\/2022\/06\/wyklady-plenerowe-fb-wydarzenie.png?fit=1920%2C1080&ssl=1","datePublished":"2022-06-24T16:08:46+00:00","dateModified":"2022-06-24T16:09:37+00:00","breadcrumb":{"@id":"https:\/\/fundacjanarowerze.pl\/blog\/2022\/06\/24\/wyklady-plenerowe-2-3-lipca-2022\/#breadcrumb"},"inLanguage":"uk","potentialAction":[{"@type":"ReadAction","target":["https:\/\/fundacjanarowerze.pl\/blog\/2022\/06\/24\/wyklady-plenerowe-2-3-lipca-2022\/"]}]},{"@type":"ImageObject","inLanguage":"uk","@id":"https:\/\/fundacjanarowerze.pl\/blog\/2022\/06\/24\/wyklady-plenerowe-2-3-lipca-2022\/#primaryimage","url":"https:\/\/i0.wp.com\/fundacjanarowerze.pl\/wp-content\/uploads\/2022\/06\/wyklady-plenerowe-fb-wydarzenie.png?fit=1920%2C1080&ssl=1","contentUrl":"https:\/\/i0.wp.com\/fundacjanarowerze.pl\/wp-content\/uploads\/2022\/06\/wyklady-plenerowe-fb-wydarzenie.png?fit=1920%2C1080&ssl=1","width":1920,"height":1080},{"@type":"BreadcrumbList","@id":"https:\/\/fundacjanarowerze.pl\/blog\/2022\/06\/24\/wyklady-plenerowe-2-3-lipca-2022\/#breadcrumb","itemListElement":[{"@type":"ListItem","position":1,"name":"Strona g\u0142\u00f3wna","item":"https:\/\/fundacjanarowerze.pl\/"},{"@type":"ListItem","position":2,"name":"Wyk\u0142ady plenerowe &#8211; 2-3 lipca 2022"}]},{"@type":"WebSite","@id":"https:\/\/fundacjanarowerze.pl\/#website","url":"https:\/\/fundacjanarowerze.pl\/","name":"\u0424\u0443\u043d\u0434\u0430\u0446\u0456\u044f Na Rowerze","description":"Pomagamy rowerzystom zdobywa\u0107 do\u015bwiadczenie w ruchu drogowym","publisher":{"@id":"https:\/\/fundacjanarowerze.pl\/#organization"},"potentialAction":[{"@type":"SearchAction","target":{"@type":"EntryPoint","urlTemplate":"https:\/\/fundacjanarowerze.pl\/?s={search_term_string}"},"query-input":{"@type":"PropertyValueSpecification","valueRequired":true,"valueName":"search_term_string"}}],"inLanguage":"uk"},{"@type":"Organization","@id":"https:\/\/fundacjanarowerze.pl\/#organization","name":"\u0424\u0443\u043d\u0434\u0430\u0446\u0456\u044f Na Rowerze","url":"https:\/\/fundacjanarowerze.pl\/","logo":{"@type":"ImageObject","inLanguage":"uk","@id":"https:\/\/fundacjanarowerze.pl\/#\/schema\/logo\/image\/","url":"https:\/\/i2.wp.com\/fundacjanarowerze.pl\/wp-content\/uploads\/2021\/01\/logo_rower_1080x1080.jpg?fit=1080%2C1080&ssl=1","contentUrl":"https:\/\/i2.wp.com\/fundacjanarowerze.pl\/wp-content\/uploads\/2021\/01\/logo_rower_1080x1080.jpg?fit=1080%2C1080&ssl=1","width":1080,"height":1080,"caption":"Fundacja Na Rowerze"},"image":{"@id":"https:\/\/fundacjanarowerze.pl\/#\/schema\/logo\/image\/"},"sameAs":["https:\/\/www.facebook.com\/fundacjanarowerze","https:\/\/x.com\/fundacjanarower","https:\/\/www.instagram.com\/fundacjanarowerze"]},{"@type":"Person","@id":"https:\/\/fundacjanarowerze.pl\/#\/schema\/person\/d108f61586f84a41a98c8f5cdf43bfbc","name":"biuro","image":{"@type":"ImageObject","inLanguage":"uk","@id":"https:\/\/fundacjanarowerze.pl\/#\/schema\/person\/image\/","url":"https:\/\/secure.gravatar.com\/avatar\/d92140978ec0b7429eaab13081516febdfa11050fdff5d3921faf3c671c89352?s=96&d=mm&r=g","contentUrl":"https:\/\/secure.gravatar.com\/avatar\/d92140978ec0b7429eaab13081516febdfa11050fdff5d3921faf3c671c89352?s=96&d=mm&r=g","caption":"biuro"},"sameAs":["https:\/\/fundacjanarowerze.pl"],"url":"https:\/\/fundacjanarowerze.pl\/uk\/blog\/author\/admin\/"}]}},"jetpack_featured_media_url":"https:\/\/i0.wp.com\/fundacjanarowerze.pl\/wp-content\/uploads\/2022\/06\/wyklady-plenerowe-fb-wydarzenie.png?fit=1920%2C1080&ssl=1","jetpack_sharing_enabled":true,"_links":{"self":[{"href":"https:\/\/fundacjanarowerze.pl\/uk\/wp-json\/wp\/v2\/posts\/816","targetHints":{"allow":["GET"]}}],"collection":[{"href":"https:\/\/fundacjanarowerze.pl\/uk\/wp-json\/wp\/v2\/posts"}],"about":[{"href":"https:\/\/fundacjanarowerze.pl\/uk\/wp-json\/wp\/v2\/types\/post"}],"author":[{"embeddable":true,"href":"https:\/\/fundacjanarowerze.pl\/uk\/wp-json\/wp\/v2\/users\/1"}],"replies":[{"embeddable":true,"href":"https:\/\/fundacjanarowerze.pl\/uk\/wp-json\/wp\/v2\/comments?post=816"}],"version-history":[{"count":3,"href":"https:\/\/fundacjanarowerze.pl\/uk\/wp-json\/wp\/v2\/posts\/816\/revisions"}],"predecessor-version":[{"id":820,"href":"https:\/\/fundacjanarowerze.pl\/uk\/wp-json\/wp\/v2\/posts\/816\/revisions\/820"}],"wp:featuredmedia":[{"embeddable":true,"href":"https:\/\/fundacjanarowerze.pl\/uk\/wp-json\/wp\/v2\/media\/817"}],"wp:attachment":[{"href":"https:\/\/fundacjanarowerze.pl\/uk\/wp-json\/wp\/v2\/media?parent=816"}],"wp:term":[{"taxonomy":"category","embeddable":true,"href":"https:\/\/fundacjanarowerze.pl\/uk\/wp-json\/wp\/v2\/categories?post=816"},{"taxonomy":"post_tag","embeddable":true,"href":"https:\/\/fundacjanarowerze.pl\/uk\/wp-json\/wp\/v2\/tags?post=816"}],"curies":[{"name":"wp","href":"https:\/\/api.w.org\/{rel}","templated":true}]}}