{"id":921,"date":"2022-08-24T21:31:22","date_gmt":"2022-08-24T20:31:22","guid":{"rendered":"https:\/\/fundacjanarowerze.pl\/?p=921"},"modified":"2022-10-04T19:09:21","modified_gmt":"2022-10-04T18:09:21","slug":"wycieczka-oplyw-na-rowerze","status":"publish","type":"post","link":"https:\/\/fundacjanarowerze.pl\/uk\/blog\/2022\/08\/24\/wycieczka-oplyw-na-rowerze\/","title":{"rendered":"Wycieczka Op\u0142yw Na Rowerze &#8211; 28.08.2022"},"content":{"rendered":"\n<p>W ostatni\u0105 niedziel\u0119 wakacji, tj. 28 sierpnia 2022 roku zapraszamy na wycieczk\u0119 &#8222;Op\u0142yw Na Rowerze&#8221;. Wydarzenie nazw\u0119 s\u0105 zawdzi\u0119cza Op\u0142ywie Mot\u0142awy wzd\u0142u\u017c kt\u00f3rego znaczn\u0105 cz\u0119\u015b\u0107 trasy uczestnicy pokonaj\u0105 w\u0142a\u015bnie na rowerach. Przy okazji b\u0119dzie tak\u017ce mo\u017cliwo\u015b\u0107 zobaczenia ciekawego projektu realizowanego przez Miasto Gda\u0144sk &#8211; &#8222;Op\u0142yw na Wypasie&#8221;, kt\u00f3ry wyr\u00f3\u017cnia si\u0119 owcami.<\/p>\n\n\n\n<figure class=\"wp-block-embed is-type-video is-provider-youtube wp-block-embed-youtube wp-embed-aspect-16-9 wp-has-aspect-ratio\"><div class=\"wp-block-embed__wrapper\">\n<iframe loading=\"lazy\" title=\"Wycieczka Rowerowa &quot;Op\u0142yw na Rowerze&quot; - 28.08.2022\" width=\"750\" height=\"422\" src=\"https:\/\/www.youtube.com\/embed\/8g2vhNpK4GU?feature=oembed\" frameborder=\"0\" allow=\"accelerometer; autoplay; clipboard-write; encrypted-media; gyroscope; picture-in-picture\" allowfullscreen><\/iframe>\n<\/div><figcaption>wideo relacja z wycieczki &#8222;Op\u0142yw na Rowerze&#8221;<\/figcaption><\/figure>\n\n\n\n<p>Celem wydarzenia jest:<\/p>\n\n\n\n<ul class=\"wp-block-list\"><li>popularyzacja roweru jako formy aktywnego wypoczynku,<\/li><li>sp\u0119dzenie wakacyjnego dnia na rowerze w mi\u0142ym towarzystwie na uboczu miejskiego zgie\u0142ku,<\/li><li>edukacja rowerzyst\u00f3w z zakresu bezpiecznej jazdy rowerem w ruchu drogowym.<\/li><\/ul>\n\n\n<figure class=\"wp-block-post-featured-image\"><img data-recalc-dims=\"1\" loading=\"lazy\" decoding=\"async\" width=\"750\" height=\"422\" src=\"https:\/\/i0.wp.com\/fundacjanarowerze.pl\/wp-content\/uploads\/2022\/08\/Wycieczka-28.08-wydarzenie-na-fb-animacja.png?resize=750%2C422&#038;ssl=1\" class=\"attachment-post-thumbnail size-post-thumbnail wp-post-image\" alt=\"\" style=\"object-fit:cover;\" srcset=\"https:\/\/i0.wp.com\/fundacjanarowerze.pl\/wp-content\/uploads\/2022\/08\/Wycieczka-28.08-wydarzenie-na-fb-animacja.png?w=1920&amp;ssl=1 1920w, https:\/\/i0.wp.com\/fundacjanarowerze.pl\/wp-content\/uploads\/2022\/08\/Wycieczka-28.08-wydarzenie-na-fb-animacja.png?resize=196%2C110&amp;ssl=1 196w, https:\/\/i0.wp.com\/fundacjanarowerze.pl\/wp-content\/uploads\/2022\/08\/Wycieczka-28.08-wydarzenie-na-fb-animacja.png?resize=1024%2C576&amp;ssl=1 1024w, https:\/\/i0.wp.com\/fundacjanarowerze.pl\/wp-content\/uploads\/2022\/08\/Wycieczka-28.08-wydarzenie-na-fb-animacja.png?resize=768%2C432&amp;ssl=1 768w, https:\/\/i0.wp.com\/fundacjanarowerze.pl\/wp-content\/uploads\/2022\/08\/Wycieczka-28.08-wydarzenie-na-fb-animacja.png?resize=1536%2C864&amp;ssl=1 1536w\" sizes=\"auto, (max-width: 750px) 100vw, 750px\" \/><\/figure>\n\n\n<h2 class=\"wp-block-heading\">Op\u0142yw na Rowerze &#8211; og\u00f3lny opis trasy wycieczki<\/h2>\n\n\n\n<p>Tras\u0119 licz\u0105c\u0105 30 km rozpoczniemy pod Ratuszem Oru\u0144skim w Gda\u0144sku przy ul. Go\u015bcinnej 1. Po kilku chwilach dojedziemy do Bastionu \u015aw. Gertrudy (jednej z Fortyfikacji) by chwil\u0119 p\u00f3\u017aniej wjecha\u0107 na szlak prowadz\u0105cy do Olszynki wzd\u0142u\u017c wspomnianego Op\u0142ywu Mot\u0142awy.<\/p>\n\n\n\n<p>Zanim skierujemy si\u0119 dalej w kierunku \u017bu\u0142aw wzd\u0142u\u017c rzeki Mot\u0142awa, zawitamy do owiec b\u0119d\u0105cych od niedawna now\u0105 atrakcj\u0105 Gda\u0144ska. W po\u0142owie trasy przewidywany jest post\u00f3j przy przystani kajakowej nad rz. Mot\u0142awa, do kt\u00f3rej dojedziemy ca\u0142kiem przyjemn\u0105 i szerok\u0105 drog\u0105 z p\u0142yt betonowych lub a\u017curowych.<\/p>\n\n\n\n<p>W drodze powrotnej oko\u0142o 5 km przed ko\u0144cem trasy do pokonania b\u0119dziemy mieli jedyny podjazd na ca\u0142ej trasie. Mo\u017ce on nieco zm\u0119czy\u0107, lecz w\u0142o\u017cony trud i wysi\u0142ek w pokonanie g\u00f3rki op\u0142aci si\u0119 wspania\u0142ym widokiem z panoram\u0105 na Gda\u0144sk i \u017bu\u0142awy Wi\u015blane.<\/p>\n\n\n\n<p>Wycieczk\u0119 zako\u0144czymy przy muszli koncertowej w Parku Oru\u0144skim, oddalonym o nieca\u0142y 1 km od miejsca startu.<\/p>\n\n\n\n<h2 class=\"wp-block-heading\">Jakim rowerem?<\/h2>\n\n\n\n<ul class=\"wp-block-list\"><li>Trekking,<\/li><li>MTB \/ g\u00f3rski,<\/li><li>Gravel,<\/li><li>r\u00f3wnie\u017c rower elektryczny.<\/li><\/ul>\n\n\n\n<h2 class=\"wp-block-heading\">Wycieczka rowerowa po Gda\u0144sku &#8211; dla kogo?<\/h2>\n\n\n\n<p>Wycieczka z pewno\u015bci\u0105 spodoba si\u0119 wszystkim mi\u0142o\u015bnikom dw\u00f3ch k\u00f3\u0142ek, kt\u00f3rzy maj\u0105 ochot\u0119 wsp\u00f3lnie poje\u017adzi\u0107 na rowerze zbytnio si\u0119 przy tym nie m\u0119cz\u0105c. Tempo przejazdu ca\u0142ej trasy b\u0119dzie dostosowane w taki spos\u00f3b, aby tras\u0119 30 km pokona\u0107 w maksymalnie 3 godziny.<\/p>\n\n\n\n<ul class=\"wp-block-list\"><li>dla os\u00f3b doros\u0142ych, m\u0142odzie\u017cy,<\/li><li>grupy znajomych, przyjaci\u00f3\u0142, rowerowych pasjonat\u00f3w,<\/li><li>rodzin z dzie\u0107mi i m\u0142odzie\u017c\u0105 (posiadaj\u0105cymi kart\u0119 rowerow\u0105),<\/li><li>os\u00f3b lubi\u0105cych t\u0119 form\u0119 aktywno\u015bci sportowej.<\/li><\/ul>\n\n\n\n<h2 class=\"wp-block-heading\">Kto poprowadzi wycieczk\u0119?<\/h2>\n\n\n\n<p>Wycieczk\u0119 poprowadzi rowerowy pasjonat, do\u015bwiadczony kolarz szosowy, instruktor Rowerowej Lekcji Jazdy, autor portalu D\u0142ugi Dystans Rowerem i prezes Fundacji &#8211; Sebastian Gruszka.<\/p>\n\n\n\n<p>B\u0119dzie to \u015bwietna okazja aby dowiedzie\u0107 si\u0119 cennych rad z zakresu bezpiecznej jazdy rowerem czy zada\u0107 pytania na temat jazdy d\u0142ugodystansowej. Przypomnijmy &#8211; Sebastian w ci\u0105gu ostatnich 4 lat pokona\u0142 na rowerze dystans ponad 40 ty\u015b km. Przejecha\u0142 tak\u017ce ultramaraton Ba\u0142tyk &#8211; Bieszczady Tour (1027 km w czasie 62 godzin).<\/p>\n\n\n\n<h2 class=\"wp-block-heading\">Jak mog\u0119 si\u0119 zapisa\u0107?<\/h2>\n\n\n\n<p><\/p>\n\n\n\n<p>W formularzu w pole &#8222;Imi\u0119 os. tow.&#8221; podaj imiona os\u00f3b, kt\u00f3re przyb\u0119d\u0105 razem z Tob\u0105.<br>Limit miejsc ograniczony do 14 os\u00f3b.<\/p>\n\n\n\n<h2 class=\"wp-block-heading\">Ile to kosztuje?<\/h2>\n\n\n\n<p>Wydarzenie jest bezp\u0142atne. Realizujemy je w ramach projektu &#8222;Pomorze Na Rowerze &#8211; edycja 2022&#8221;.&nbsp;<br>Projekt jest dofinansowany w ramach Funduszu Nowy Akumulator Spo\u0142eczny, ze \u015brodk\u00f3w Programu Funduszu Inicjatyw Obywatelskich NOWEFIO.<\/p>\n\n\n\n<figure class=\"wp-block-image size-full\"><img data-recalc-dims=\"1\" loading=\"lazy\" decoding=\"async\" width=\"750\" height=\"106\" src=\"https:\/\/i0.wp.com\/fundacjanarowerze.pl\/wp-content\/uploads\/2022\/10\/Paek-loga-AS-format-JPG-2022.jpg?resize=750%2C106&#038;ssl=1\" alt=\"\" class=\"wp-image-961\" srcset=\"https:\/\/i0.wp.com\/fundacjanarowerze.pl\/wp-content\/uploads\/2022\/10\/Paek-loga-AS-format-JPG-2022.jpg?w=824&amp;ssl=1 824w, https:\/\/i0.wp.com\/fundacjanarowerze.pl\/wp-content\/uploads\/2022\/10\/Paek-loga-AS-format-JPG-2022.jpg?resize=300%2C42&amp;ssl=1 300w, https:\/\/i0.wp.com\/fundacjanarowerze.pl\/wp-content\/uploads\/2022\/10\/Paek-loga-AS-format-JPG-2022.jpg?resize=768%2C108&amp;ssl=1 768w\" sizes=\"auto, (max-width: 750px) 100vw, 750px\" \/><\/figure>\n\n\n\n<h2 class=\"wp-block-heading\">Masz dodatkowe pytania?<\/h2>\n\n\n\n<p>Zapraszamy do kontaktu poprzez mail (hello@fundacjanarowerze.pl) lub wype\u0142niaj\u0105c poni\u017cszy formularz kontaktowy.<\/p>\n\n\n<div class=\"wpforms-container wpforms-container-full wpforms-block\" id=\"wpforms-67\"><form id=\"wpforms-form-67\" class=\"wpforms-validate wpforms-form wpforms-ajax-form\" data-formid=\"67\" method=\"post\" enctype=\"multipart\/form-data\" action=\"\/uk\/wp-json\/wp\/v2\/posts\/921\" data-token=\"99ad289597eada596fe2ceaf0568e277\" data-token-time=\"1777658870\"><noscript class=\"wpforms-error-noscript\">\u0414\u043b\u044f \u0437\u0430\u043f\u043e\u0432\u043d\u0435\u043d\u043d\u044f \u0446\u0456\u0454\u0457 \u0444\u043e\u0440\u043c\u0438 \u0443\u0432\u0456\u043c\u043a\u043d\u0456\u0442\u044c JavaScript \u0443 \u0431\u0440\u0430\u0443\u0437\u0435\u0440\u0456.<\/noscript><div class=\"wpforms-field-container\"><div id=\"wpforms-67-field_0-container\" class=\"wpforms-field wpforms-field-name wpforms-one-half wpforms-first\" data-field-id=\"0\"><label class=\"wpforms-field-label\" for=\"wpforms-67-field_0\">Imi\u0119 i nazwisko <span class=\"wpforms-required-label\">*<\/span><\/label><input type=\"text\" id=\"wpforms-67-field_0\" class=\"wpforms-field-medium wpforms-field-required\" name=\"wpforms[fields][0]\" placeholder=\"Przedstaw si\u0119\" required><\/div><div id=\"wpforms-67-field_1-container\" class=\"wpforms-field wpforms-field-email wpforms-one-half\" data-field-id=\"1\"><label class=\"wpforms-field-label\" for=\"wpforms-67-field_1\">Email <span class=\"wpforms-required-label\">*<\/span><\/label><input type=\"email\" id=\"wpforms-67-field_1\" class=\"wpforms-field-medium wpforms-field-required\" name=\"wpforms[fields][1]\" placeholder=\"Chcemy Ci odpowiedzie\u0107\" spellcheck=\"false\" required><\/div><div id=\"wpforms-67-field_2-container\" class=\"wpforms-field wpforms-field-textarea\" data-field-id=\"2\"><label class=\"wpforms-field-label\" for=\"wpforms-67-field_2\">Twoja wiadomo\u015b\u0107 <span class=\"wpforms-required-label\">*<\/span><\/label><textarea id=\"wpforms-67-field_2\" class=\"wpforms-field-medium wpforms-field-required\" name=\"wpforms[fields][2]\" placeholder=\"O co chcesz zapyta\u0107?\" required><\/textarea><div class=\"wpforms-field-description\">Wype\u0142niaj\u0105c formularz przekazujesz nam swoje dane osobowe. To oznacza, \u017ce aby udzieli\u0107 Ci odpowiedzi, b\u0119dziemy je przetwarza\u0107 jako Administrator Danych (Fundacja Na Rowerze, hello@fundacjanarowerze.pl). Szczeg\u00f3\u0142y przetwarzania oraz przys\u0142uguj\u0105ce Ci prawa znajdziesz w Polityce prywatno\u015bci i plik\u00f3w cookies.<\/div><\/div><\/div><!-- .wpforms-field-container --><div class=\"wpforms-recaptcha-container wpforms-is-turnstile\" ><div class=\"wpforms-turnstile\" data-sitekey=\"0x4AAAAAAAG4SHcWfgcQwi-j\" data-action=\"FormID-67\"><\/div><input type=\"text\" name=\"g-recaptcha-hidden\" class=\"wpforms-recaptcha-hidden\" style=\"position:absolute!important;clip:rect(0,0,0,0)!important;height:1px!important;width:1px!important;border:0!important;overflow:hidden!important;padding:0!important;margin:0!important;\" data-rule-turnstile=\"1\"><\/div><div class=\"wpforms-submit-container\" ><input type=\"hidden\" name=\"wpforms[id]\" value=\"67\"><input type=\"hidden\" name=\"page_title\" value=\"\"><input type=\"hidden\" name=\"page_url\" value=\"https:\/\/fundacjanarowerze.pl\/uk\/wp-json\/wp\/v2\/posts\/921\"><input type=\"hidden\" name=\"url_referer\" value=\"\"><button type=\"submit\" name=\"wpforms[submit]\" id=\"wpforms-submit-67\" class=\"wpforms-submit\" data-alt-text=\"Wysy\u0142am...\" data-submit-text=\"Wy\u015blij\" aria-live=\"assertive\" value=\"wpforms-submit\">Wy\u015blij<\/button><img loading=\"lazy\" decoding=\"async\" src=\"https:\/\/fundacjanarowerze.pl\/wp-content\/plugins\/wpforms-lite\/assets\/images\/submit-spin.svg\" class=\"wpforms-submit-spinner\" style=\"display: none;\" width=\"26\" height=\"26\" alt=\"\u0417\u0430\u0432\u0430\u043d\u0442\u0430\u0436\u0435\u043d\u043d\u044f\"><\/div><\/form><\/div>  <!-- .wpforms-container -->\n\n\n<figure class=\"wp-block-gallery has-nested-images columns-default is-cropped wp-block-gallery-1 is-layout-flex wp-block-gallery-is-layout-flex\">\n<figure class=\"wp-block-image size-large\"><img data-recalc-dims=\"1\" loading=\"lazy\" decoding=\"async\" width=\"750\" height=\"563\" data-id=\"928\" src=\"https:\/\/i0.wp.com\/fundacjanarowerze.pl\/wp-content\/uploads\/2022\/08\/IMG_0157.jpeg?resize=750%2C563&#038;ssl=1\" alt=\"\" class=\"wp-image-928\" srcset=\"https:\/\/i0.wp.com\/fundacjanarowerze.pl\/wp-content\/uploads\/2022\/08\/IMG_0157.jpeg?resize=1024%2C768&amp;ssl=1 1024w, https:\/\/i0.wp.com\/fundacjanarowerze.pl\/wp-content\/uploads\/2022\/08\/IMG_0157.jpeg?resize=147%2C110&amp;ssl=1 147w, https:\/\/i0.wp.com\/fundacjanarowerze.pl\/wp-content\/uploads\/2022\/08\/IMG_0157.jpeg?resize=768%2C576&amp;ssl=1 768w, https:\/\/i0.wp.com\/fundacjanarowerze.pl\/wp-content\/uploads\/2022\/08\/IMG_0157.jpeg?w=1280&amp;ssl=1 1280w\" sizes=\"auto, (max-width: 750px) 100vw, 750px\" \/><\/figure>\n\n\n\n<figure class=\"wp-block-image size-large\"><img data-recalc-dims=\"1\" loading=\"lazy\" decoding=\"async\" width=\"750\" height=\"563\" data-id=\"923\" src=\"https:\/\/i0.wp.com\/fundacjanarowerze.pl\/wp-content\/uploads\/2022\/08\/IMG_0153.jpeg?resize=750%2C563&#038;ssl=1\" alt=\"\" class=\"wp-image-923\" srcset=\"https:\/\/i0.wp.com\/fundacjanarowerze.pl\/wp-content\/uploads\/2022\/08\/IMG_0153.jpeg?resize=1024%2C768&amp;ssl=1 1024w, https:\/\/i0.wp.com\/fundacjanarowerze.pl\/wp-content\/uploads\/2022\/08\/IMG_0153.jpeg?resize=147%2C110&amp;ssl=1 147w, https:\/\/i0.wp.com\/fundacjanarowerze.pl\/wp-content\/uploads\/2022\/08\/IMG_0153.jpeg?resize=768%2C576&amp;ssl=1 768w, https:\/\/i0.wp.com\/fundacjanarowerze.pl\/wp-content\/uploads\/2022\/08\/IMG_0153.jpeg?w=1280&amp;ssl=1 1280w\" sizes=\"auto, (max-width: 750px) 100vw, 750px\" \/><\/figure>\n\n\n\n<figure class=\"wp-block-image size-large\"><img data-recalc-dims=\"1\" loading=\"lazy\" decoding=\"async\" width=\"750\" height=\"563\" data-id=\"924\" src=\"https:\/\/i0.wp.com\/fundacjanarowerze.pl\/wp-content\/uploads\/2022\/08\/IMG_0150.jpeg?resize=750%2C563&#038;ssl=1\" alt=\"\" class=\"wp-image-924\" srcset=\"https:\/\/i0.wp.com\/fundacjanarowerze.pl\/wp-content\/uploads\/2022\/08\/IMG_0150.jpeg?resize=1024%2C768&amp;ssl=1 1024w, https:\/\/i0.wp.com\/fundacjanarowerze.pl\/wp-content\/uploads\/2022\/08\/IMG_0150.jpeg?resize=147%2C110&amp;ssl=1 147w, https:\/\/i0.wp.com\/fundacjanarowerze.pl\/wp-content\/uploads\/2022\/08\/IMG_0150.jpeg?resize=768%2C576&amp;ssl=1 768w, https:\/\/i0.wp.com\/fundacjanarowerze.pl\/wp-content\/uploads\/2022\/08\/IMG_0150.jpeg?w=1280&amp;ssl=1 1280w\" sizes=\"auto, (max-width: 750px) 100vw, 750px\" \/><\/figure>\n\n\n\n<figure class=\"wp-block-image size-large\"><img data-recalc-dims=\"1\" loading=\"lazy\" decoding=\"async\" width=\"750\" height=\"322\" data-id=\"922\" src=\"https:\/\/i0.wp.com\/fundacjanarowerze.pl\/wp-content\/uploads\/2022\/08\/IMG_0140.jpeg?resize=750%2C322&#038;ssl=1\" alt=\"\" class=\"wp-image-922\" srcset=\"https:\/\/i0.wp.com\/fundacjanarowerze.pl\/wp-content\/uploads\/2022\/08\/IMG_0140.jpeg?resize=1024%2C440&amp;ssl=1 1024w, https:\/\/i0.wp.com\/fundacjanarowerze.pl\/wp-content\/uploads\/2022\/08\/IMG_0140.jpeg?resize=256%2C110&amp;ssl=1 256w, https:\/\/i0.wp.com\/fundacjanarowerze.pl\/wp-content\/uploads\/2022\/08\/IMG_0140.jpeg?resize=768%2C330&amp;ssl=1 768w, https:\/\/i0.wp.com\/fundacjanarowerze.pl\/wp-content\/uploads\/2022\/08\/IMG_0140.jpeg?w=1280&amp;ssl=1 1280w\" sizes=\"auto, (max-width: 750px) 100vw, 750px\" \/><\/figure>\n\n\n\n<figure class=\"wp-block-image size-large\"><img data-recalc-dims=\"1\" loading=\"lazy\" decoding=\"async\" width=\"750\" height=\"563\" data-id=\"925\" src=\"https:\/\/i0.wp.com\/fundacjanarowerze.pl\/wp-content\/uploads\/2022\/08\/IMG_0137.jpeg?resize=750%2C563&#038;ssl=1\" alt=\"\" class=\"wp-image-925\" srcset=\"https:\/\/i0.wp.com\/fundacjanarowerze.pl\/wp-content\/uploads\/2022\/08\/IMG_0137.jpeg?resize=1024%2C768&amp;ssl=1 1024w, https:\/\/i0.wp.com\/fundacjanarowerze.pl\/wp-content\/uploads\/2022\/08\/IMG_0137.jpeg?resize=147%2C110&amp;ssl=1 147w, https:\/\/i0.wp.com\/fundacjanarowerze.pl\/wp-content\/uploads\/2022\/08\/IMG_0137.jpeg?resize=768%2C576&amp;ssl=1 768w, https:\/\/i0.wp.com\/fundacjanarowerze.pl\/wp-content\/uploads\/2022\/08\/IMG_0137.jpeg?w=1280&amp;ssl=1 1280w\" sizes=\"auto, (max-width: 750px) 100vw, 750px\" \/><\/figure>\n\n\n\n<figure class=\"wp-block-image size-large\"><img data-recalc-dims=\"1\" loading=\"lazy\" decoding=\"async\" width=\"750\" height=\"1000\" data-id=\"927\" src=\"https:\/\/i0.wp.com\/fundacjanarowerze.pl\/wp-content\/uploads\/2022\/08\/IMG_0132.jpeg?resize=750%2C1000&#038;ssl=1\" alt=\"\" class=\"wp-image-927\" srcset=\"https:\/\/i0.wp.com\/fundacjanarowerze.pl\/wp-content\/uploads\/2022\/08\/IMG_0132.jpeg?resize=768%2C1024&amp;ssl=1 768w, https:\/\/i0.wp.com\/fundacjanarowerze.pl\/wp-content\/uploads\/2022\/08\/IMG_0132.jpeg?resize=83%2C110&amp;ssl=1 83w, https:\/\/i0.wp.com\/fundacjanarowerze.pl\/wp-content\/uploads\/2022\/08\/IMG_0132.jpeg?w=960&amp;ssl=1 960w\" sizes=\"auto, (max-width: 750px) 100vw, 750px\" \/><\/figure>\n\n\n\n<figure class=\"wp-block-image size-large\"><img data-recalc-dims=\"1\" loading=\"lazy\" decoding=\"async\" width=\"750\" height=\"563\" data-id=\"926\" src=\"https:\/\/i0.wp.com\/fundacjanarowerze.pl\/wp-content\/uploads\/2022\/08\/IMG_0123.jpeg?resize=750%2C563&#038;ssl=1\" alt=\"\" class=\"wp-image-926\" srcset=\"https:\/\/i0.wp.com\/fundacjanarowerze.pl\/wp-content\/uploads\/2022\/08\/IMG_0123.jpeg?resize=1024%2C768&amp;ssl=1 1024w, https:\/\/i0.wp.com\/fundacjanarowerze.pl\/wp-content\/uploads\/2022\/08\/IMG_0123.jpeg?resize=147%2C110&amp;ssl=1 147w, https:\/\/i0.wp.com\/fundacjanarowerze.pl\/wp-content\/uploads\/2022\/08\/IMG_0123.jpeg?resize=768%2C576&amp;ssl=1 768w, https:\/\/i0.wp.com\/fundacjanarowerze.pl\/wp-content\/uploads\/2022\/08\/IMG_0123.jpeg?w=1280&amp;ssl=1 1280w\" sizes=\"auto, (max-width: 750px) 100vw, 750px\" \/><\/figure>\n<\/figure>\n","protected":false},"excerpt":{"rendered":"<p>W ostatni\u0105 niedziel\u0119 wakacji, tj. 28 sierpnia 2022 roku zapraszamy na wycieczk\u0119 &#8222;Op\u0142yw Na Rowerze&#8221;. Wydarzenie nazw\u0119 s\u0105 zawdzi\u0119cza Op\u0142ywie Mot\u0142awy wzd\u0142u\u017c kt\u00f3rego znaczn\u0105 cz\u0119\u015b\u0107 trasy uczestnicy pokonaj\u0105 w\u0142a\u015bnie na rowerach. Przy okazji b\u0119dzie tak\u017ce mo\u017cliwo\u015b\u0107 zobaczenia ciekawego projektu realizowanego przez Miasto Gda\u0144sk &#8211; &#8222;Op\u0142yw na Wypasie&#8221;, kt\u00f3ry wyr\u00f3\u017cnia si\u0119 [&hellip;]<\/p>\n","protected":false},"author":1,"featured_media":929,"comment_status":"closed","ping_status":"open","sticky":false,"template":"","format":"standard","meta":{"_jetpack_memberships_contains_paid_content":false,"footnotes":""},"categories":[1],"tags":[36,23,40],"class_list":["post-921","post","type-post","status-publish","format-standard","has-post-thumbnail","hentry","category-ogolne","tag-gdansk","tag-pomorze-na-rowerze","tag-wycieczka"],"yoast_head":"<!-- This site is optimized with the Yoast SEO plugin v27.1.1 - https:\/\/yoast.com\/product\/yoast-seo-wordpress\/ -->\n<title>Wycieczka Op\u0142yw Na Rowerze - 28.08.2022 - Fundacja Na Rowerze<\/title>\n<meta name=\"robots\" content=\"index, follow, max-snippet:-1, max-image-preview:large, max-video-preview:-1\" \/>\n<link rel=\"canonical\" href=\"https:\/\/fundacjanarowerze.pl\/uk\/blog\/2022\/08\/24\/wycieczka-oplyw-na-rowerze\/\" \/>\n<meta property=\"og:locale\" content=\"uk_UA\" \/>\n<meta property=\"og:type\" content=\"article\" \/>\n<meta property=\"og:title\" content=\"Wycieczka Op\u0142yw Na Rowerze - 28.08.2022 - Fundacja Na Rowerze\" \/>\n<meta property=\"og:description\" content=\"W ostatni\u0105 niedziel\u0119 wakacji, tj. 28 sierpnia 2022 roku zapraszamy na wycieczk\u0119 &#8222;Op\u0142yw Na Rowerze&#8221;. Wydarzenie nazw\u0119 s\u0105 zawdzi\u0119cza Op\u0142ywie Mot\u0142awy wzd\u0142u\u017c kt\u00f3rego znaczn\u0105 cz\u0119\u015b\u0107 trasy uczestnicy pokonaj\u0105 w\u0142a\u015bnie na rowerach. Przy okazji b\u0119dzie tak\u017ce mo\u017cliwo\u015b\u0107 zobaczenia ciekawego projektu realizowanego przez Miasto Gda\u0144sk &#8211; &#8222;Op\u0142yw na Wypasie&#8221;, kt\u00f3ry wyr\u00f3\u017cnia si\u0119 [&hellip;]\" \/>\n<meta property=\"og:url\" content=\"https:\/\/fundacjanarowerze.pl\/uk\/blog\/2022\/08\/24\/wycieczka-oplyw-na-rowerze\/\" \/>\n<meta property=\"og:site_name\" content=\"Fundacja Na Rowerze\" \/>\n<meta property=\"article:publisher\" content=\"https:\/\/www.facebook.com\/fundacjanarowerze\" \/>\n<meta property=\"article:published_time\" content=\"2022-08-24T20:31:22+00:00\" \/>\n<meta property=\"article:modified_time\" content=\"2022-10-04T18:09:21+00:00\" \/>\n<meta property=\"og:image\" content=\"https:\/\/fundacjanarowerze.pl\/wp-content\/uploads\/2022\/08\/Wycieczka-28.08-wydarzenie-na-fb-animacja-1024x576.png\" \/>\n\t<meta property=\"og:image:width\" content=\"1024\" \/>\n\t<meta property=\"og:image:height\" content=\"576\" \/>\n\t<meta property=\"og:image:type\" content=\"image\/png\" \/>\n<meta name=\"author\" content=\"biuro\" \/>\n<meta name=\"twitter:card\" content=\"summary_large_image\" \/>\n<meta name=\"twitter:creator\" content=\"@fundacjanarower\" \/>\n<meta name=\"twitter:site\" content=\"@fundacjanarower\" \/>\n<meta name=\"twitter:label1\" content=\"\u041d\u0430\u043f\u0438\u0441\u0430\u043d\u043e\" \/>\n\t<meta name=\"twitter:data1\" content=\"biuro\" \/>\n\t<meta name=\"twitter:label2\" content=\"\u041f\u0440\u0438\u0431\u043b. \u0447\u0430\u0441 \u0447\u0438\u0442\u0430\u043d\u043d\u044f\" \/>\n\t<meta name=\"twitter:data2\" content=\"5 \u0445\u0432\u0438\u043b\u0438\u043d\" \/>\n<script type=\"application\/ld+json\" class=\"yoast-schema-graph\">{\"@context\":\"https:\/\/schema.org\",\"@graph\":[{\"@type\":\"Article\",\"@id\":\"https:\/\/fundacjanarowerze.pl\/blog\/2022\/08\/24\/wycieczka-oplyw-na-rowerze\/#article\",\"isPartOf\":{\"@id\":\"https:\/\/fundacjanarowerze.pl\/blog\/2022\/08\/24\/wycieczka-oplyw-na-rowerze\/\"},\"author\":{\"name\":\"biuro\",\"@id\":\"https:\/\/fundacjanarowerze.pl\/#\/schema\/person\/d108f61586f84a41a98c8f5cdf43bfbc\"},\"headline\":\"Wycieczka Op\u0142yw Na Rowerze &#8211; 28.08.2022\",\"datePublished\":\"2022-08-24T20:31:22+00:00\",\"dateModified\":\"2022-10-04T18:09:21+00:00\",\"mainEntityOfPage\":{\"@id\":\"https:\/\/fundacjanarowerze.pl\/blog\/2022\/08\/24\/wycieczka-oplyw-na-rowerze\/\"},\"wordCount\":569,\"publisher\":{\"@id\":\"https:\/\/fundacjanarowerze.pl\/#organization\"},\"image\":{\"@id\":\"https:\/\/fundacjanarowerze.pl\/blog\/2022\/08\/24\/wycieczka-oplyw-na-rowerze\/#primaryimage\"},\"thumbnailUrl\":\"https:\/\/i0.wp.com\/fundacjanarowerze.pl\/wp-content\/uploads\/2022\/08\/Wycieczka-28.08-wydarzenie-na-fb-animacja.png?fit=1920%2C1080&ssl=1\",\"keywords\":[\"gda\u0144sk\",\"pomorze na rowerze\",\"wycieczka\"],\"articleSection\":[\"Og\u00f3lne\"],\"inLanguage\":\"uk\"},{\"@type\":\"WebPage\",\"@id\":\"https:\/\/fundacjanarowerze.pl\/blog\/2022\/08\/24\/wycieczka-oplyw-na-rowerze\/\",\"url\":\"https:\/\/fundacjanarowerze.pl\/blog\/2022\/08\/24\/wycieczka-oplyw-na-rowerze\/\",\"name\":\"Wycieczka Op\u0142yw Na Rowerze - 28.08.2022 - Fundacja Na Rowerze\",\"isPartOf\":{\"@id\":\"https:\/\/fundacjanarowerze.pl\/#website\"},\"primaryImageOfPage\":{\"@id\":\"https:\/\/fundacjanarowerze.pl\/blog\/2022\/08\/24\/wycieczka-oplyw-na-rowerze\/#primaryimage\"},\"image\":{\"@id\":\"https:\/\/fundacjanarowerze.pl\/blog\/2022\/08\/24\/wycieczka-oplyw-na-rowerze\/#primaryimage\"},\"thumbnailUrl\":\"https:\/\/i0.wp.com\/fundacjanarowerze.pl\/wp-content\/uploads\/2022\/08\/Wycieczka-28.08-wydarzenie-na-fb-animacja.png?fit=1920%2C1080&ssl=1\",\"datePublished\":\"2022-08-24T20:31:22+00:00\",\"dateModified\":\"2022-10-04T18:09:21+00:00\",\"breadcrumb\":{\"@id\":\"https:\/\/fundacjanarowerze.pl\/blog\/2022\/08\/24\/wycieczka-oplyw-na-rowerze\/#breadcrumb\"},\"inLanguage\":\"uk\",\"potentialAction\":[{\"@type\":\"ReadAction\",\"target\":[\"https:\/\/fundacjanarowerze.pl\/blog\/2022\/08\/24\/wycieczka-oplyw-na-rowerze\/\"]}]},{\"@type\":\"ImageObject\",\"inLanguage\":\"uk\",\"@id\":\"https:\/\/fundacjanarowerze.pl\/blog\/2022\/08\/24\/wycieczka-oplyw-na-rowerze\/#primaryimage\",\"url\":\"https:\/\/i0.wp.com\/fundacjanarowerze.pl\/wp-content\/uploads\/2022\/08\/Wycieczka-28.08-wydarzenie-na-fb-animacja.png?fit=1920%2C1080&ssl=1\",\"contentUrl\":\"https:\/\/i0.wp.com\/fundacjanarowerze.pl\/wp-content\/uploads\/2022\/08\/Wycieczka-28.08-wydarzenie-na-fb-animacja.png?fit=1920%2C1080&ssl=1\",\"width\":1920,\"height\":1080},{\"@type\":\"BreadcrumbList\",\"@id\":\"https:\/\/fundacjanarowerze.pl\/blog\/2022\/08\/24\/wycieczka-oplyw-na-rowerze\/#breadcrumb\",\"itemListElement\":[{\"@type\":\"ListItem\",\"position\":1,\"name\":\"Strona g\u0142\u00f3wna\",\"item\":\"https:\/\/fundacjanarowerze.pl\/\"},{\"@type\":\"ListItem\",\"position\":2,\"name\":\"Wycieczka Op\u0142yw Na Rowerze &#8211; 28.08.2022\"}]},{\"@type\":\"WebSite\",\"@id\":\"https:\/\/fundacjanarowerze.pl\/#website\",\"url\":\"https:\/\/fundacjanarowerze.pl\/\",\"name\":\"Fundacja Na Rowerze\",\"description\":\"Pomagamy rowerzystom zdobywa\u0107 do\u015bwiadczenie w ruchu drogowym\",\"publisher\":{\"@id\":\"https:\/\/fundacjanarowerze.pl\/#organization\"},\"potentialAction\":[{\"@type\":\"SearchAction\",\"target\":{\"@type\":\"EntryPoint\",\"urlTemplate\":\"https:\/\/fundacjanarowerze.pl\/?s={search_term_string}\"},\"query-input\":{\"@type\":\"PropertyValueSpecification\",\"valueRequired\":true,\"valueName\":\"search_term_string\"}}],\"inLanguage\":\"uk\"},{\"@type\":\"Organization\",\"@id\":\"https:\/\/fundacjanarowerze.pl\/#organization\",\"name\":\"Fundacja Na Rowerze\",\"url\":\"https:\/\/fundacjanarowerze.pl\/\",\"logo\":{\"@type\":\"ImageObject\",\"inLanguage\":\"uk\",\"@id\":\"https:\/\/fundacjanarowerze.pl\/#\/schema\/logo\/image\/\",\"url\":\"https:\/\/i2.wp.com\/fundacjanarowerze.pl\/wp-content\/uploads\/2021\/01\/logo_rower_1080x1080.jpg?fit=1080%2C1080&ssl=1\",\"contentUrl\":\"https:\/\/i2.wp.com\/fundacjanarowerze.pl\/wp-content\/uploads\/2021\/01\/logo_rower_1080x1080.jpg?fit=1080%2C1080&ssl=1\",\"width\":1080,\"height\":1080,\"caption\":\"Fundacja Na Rowerze\"},\"image\":{\"@id\":\"https:\/\/fundacjanarowerze.pl\/#\/schema\/logo\/image\/\"},\"sameAs\":[\"https:\/\/www.facebook.com\/fundacjanarowerze\",\"https:\/\/x.com\/fundacjanarower\",\"https:\/\/www.instagram.com\/fundacjanarowerze\"]},{\"@type\":\"Person\",\"@id\":\"https:\/\/fundacjanarowerze.pl\/#\/schema\/person\/d108f61586f84a41a98c8f5cdf43bfbc\",\"name\":\"biuro\",\"image\":{\"@type\":\"ImageObject\",\"inLanguage\":\"uk\",\"@id\":\"https:\/\/fundacjanarowerze.pl\/#\/schema\/person\/image\/\",\"url\":\"https:\/\/secure.gravatar.com\/avatar\/d92140978ec0b7429eaab13081516febdfa11050fdff5d3921faf3c671c89352?s=96&d=mm&r=g\",\"contentUrl\":\"https:\/\/secure.gravatar.com\/avatar\/d92140978ec0b7429eaab13081516febdfa11050fdff5d3921faf3c671c89352?s=96&d=mm&r=g\",\"caption\":\"biuro\"},\"sameAs\":[\"https:\/\/fundacjanarowerze.pl\"],\"url\":\"https:\/\/fundacjanarowerze.pl\/uk\/blog\/author\/admin\/\"}]}<\/script>\n<!-- \/ Yoast SEO plugin. -->","yoast_head_json":{"title":"Wycieczka Op\u0142yw Na Rowerze - 28.08.2022 - Fundacja Na Rowerze","robots":{"index":"index","follow":"follow","max-snippet":"max-snippet:-1","max-image-preview":"max-image-preview:large","max-video-preview":"max-video-preview:-1"},"canonical":"https:\/\/fundacjanarowerze.pl\/uk\/blog\/2022\/08\/24\/wycieczka-oplyw-na-rowerze\/","og_locale":"uk_UA","og_type":"article","og_title":"Wycieczka Op\u0142yw Na Rowerze - 28.08.2022 - Fundacja Na Rowerze","og_description":"W ostatni\u0105 niedziel\u0119 wakacji, tj. 28 sierpnia 2022 roku zapraszamy na wycieczk\u0119 &#8222;Op\u0142yw Na Rowerze&#8221;. Wydarzenie nazw\u0119 s\u0105 zawdzi\u0119cza Op\u0142ywie Mot\u0142awy wzd\u0142u\u017c kt\u00f3rego znaczn\u0105 cz\u0119\u015b\u0107 trasy uczestnicy pokonaj\u0105 w\u0142a\u015bnie na rowerach. Przy okazji b\u0119dzie tak\u017ce mo\u017cliwo\u015b\u0107 zobaczenia ciekawego projektu realizowanego przez Miasto Gda\u0144sk &#8211; &#8222;Op\u0142yw na Wypasie&#8221;, kt\u00f3ry wyr\u00f3\u017cnia si\u0119 [&hellip;]","og_url":"https:\/\/fundacjanarowerze.pl\/uk\/blog\/2022\/08\/24\/wycieczka-oplyw-na-rowerze\/","og_site_name":"Fundacja Na Rowerze","article_publisher":"https:\/\/www.facebook.com\/fundacjanarowerze","article_published_time":"2022-08-24T20:31:22+00:00","article_modified_time":"2022-10-04T18:09:21+00:00","og_image":[{"width":1024,"height":576,"url":"https:\/\/fundacjanarowerze.pl\/wp-content\/uploads\/2022\/08\/Wycieczka-28.08-wydarzenie-na-fb-animacja-1024x576.png","type":"image\/png"}],"author":"biuro","twitter_card":"summary_large_image","twitter_creator":"@fundacjanarower","twitter_site":"@fundacjanarower","twitter_misc":{"\u041d\u0430\u043f\u0438\u0441\u0430\u043d\u043e":"biuro","\u041f\u0440\u0438\u0431\u043b. \u0447\u0430\u0441 \u0447\u0438\u0442\u0430\u043d\u043d\u044f":"5 \u0445\u0432\u0438\u043b\u0438\u043d"},"schema":{"@context":"https:\/\/schema.org","@graph":[{"@type":"Article","@id":"https:\/\/fundacjanarowerze.pl\/blog\/2022\/08\/24\/wycieczka-oplyw-na-rowerze\/#article","isPartOf":{"@id":"https:\/\/fundacjanarowerze.pl\/blog\/2022\/08\/24\/wycieczka-oplyw-na-rowerze\/"},"author":{"name":"biuro","@id":"https:\/\/fundacjanarowerze.pl\/#\/schema\/person\/d108f61586f84a41a98c8f5cdf43bfbc"},"headline":"Wycieczka Op\u0142yw Na Rowerze &#8211; 28.08.2022","datePublished":"2022-08-24T20:31:22+00:00","dateModified":"2022-10-04T18:09:21+00:00","mainEntityOfPage":{"@id":"https:\/\/fundacjanarowerze.pl\/blog\/2022\/08\/24\/wycieczka-oplyw-na-rowerze\/"},"wordCount":569,"publisher":{"@id":"https:\/\/fundacjanarowerze.pl\/#organization"},"image":{"@id":"https:\/\/fundacjanarowerze.pl\/blog\/2022\/08\/24\/wycieczka-oplyw-na-rowerze\/#primaryimage"},"thumbnailUrl":"https:\/\/i0.wp.com\/fundacjanarowerze.pl\/wp-content\/uploads\/2022\/08\/Wycieczka-28.08-wydarzenie-na-fb-animacja.png?fit=1920%2C1080&ssl=1","keywords":["gda\u0144sk","pomorze na rowerze","wycieczka"],"articleSection":["Og\u00f3lne"],"inLanguage":"uk"},{"@type":"WebPage","@id":"https:\/\/fundacjanarowerze.pl\/blog\/2022\/08\/24\/wycieczka-oplyw-na-rowerze\/","url":"https:\/\/fundacjanarowerze.pl\/blog\/2022\/08\/24\/wycieczka-oplyw-na-rowerze\/","name":"Wycieczka Op\u0142yw Na Rowerze - 28.08.2022 - Fundacja Na Rowerze","isPartOf":{"@id":"https:\/\/fundacjanarowerze.pl\/#website"},"primaryImageOfPage":{"@id":"https:\/\/fundacjanarowerze.pl\/blog\/2022\/08\/24\/wycieczka-oplyw-na-rowerze\/#primaryimage"},"image":{"@id":"https:\/\/fundacjanarowerze.pl\/blog\/2022\/08\/24\/wycieczka-oplyw-na-rowerze\/#primaryimage"},"thumbnailUrl":"https:\/\/i0.wp.com\/fundacjanarowerze.pl\/wp-content\/uploads\/2022\/08\/Wycieczka-28.08-wydarzenie-na-fb-animacja.png?fit=1920%2C1080&ssl=1","datePublished":"2022-08-24T20:31:22+00:00","dateModified":"2022-10-04T18:09:21+00:00","breadcrumb":{"@id":"https:\/\/fundacjanarowerze.pl\/blog\/2022\/08\/24\/wycieczka-oplyw-na-rowerze\/#breadcrumb"},"inLanguage":"uk","potentialAction":[{"@type":"ReadAction","target":["https:\/\/fundacjanarowerze.pl\/blog\/2022\/08\/24\/wycieczka-oplyw-na-rowerze\/"]}]},{"@type":"ImageObject","inLanguage":"uk","@id":"https:\/\/fundacjanarowerze.pl\/blog\/2022\/08\/24\/wycieczka-oplyw-na-rowerze\/#primaryimage","url":"https:\/\/i0.wp.com\/fundacjanarowerze.pl\/wp-content\/uploads\/2022\/08\/Wycieczka-28.08-wydarzenie-na-fb-animacja.png?fit=1920%2C1080&ssl=1","contentUrl":"https:\/\/i0.wp.com\/fundacjanarowerze.pl\/wp-content\/uploads\/2022\/08\/Wycieczka-28.08-wydarzenie-na-fb-animacja.png?fit=1920%2C1080&ssl=1","width":1920,"height":1080},{"@type":"BreadcrumbList","@id":"https:\/\/fundacjanarowerze.pl\/blog\/2022\/08\/24\/wycieczka-oplyw-na-rowerze\/#breadcrumb","itemListElement":[{"@type":"ListItem","position":1,"name":"Strona g\u0142\u00f3wna","item":"https:\/\/fundacjanarowerze.pl\/"},{"@type":"ListItem","position":2,"name":"Wycieczka Op\u0142yw Na Rowerze &#8211; 28.08.2022"}]},{"@type":"WebSite","@id":"https:\/\/fundacjanarowerze.pl\/#website","url":"https:\/\/fundacjanarowerze.pl\/","name":"\u0424\u0443\u043d\u0434\u0430\u0446\u0456\u044f Na Rowerze","description":"Pomagamy rowerzystom zdobywa\u0107 do\u015bwiadczenie w ruchu drogowym","publisher":{"@id":"https:\/\/fundacjanarowerze.pl\/#organization"},"potentialAction":[{"@type":"SearchAction","target":{"@type":"EntryPoint","urlTemplate":"https:\/\/fundacjanarowerze.pl\/?s={search_term_string}"},"query-input":{"@type":"PropertyValueSpecification","valueRequired":true,"valueName":"search_term_string"}}],"inLanguage":"uk"},{"@type":"Organization","@id":"https:\/\/fundacjanarowerze.pl\/#organization","name":"\u0424\u0443\u043d\u0434\u0430\u0446\u0456\u044f Na Rowerze","url":"https:\/\/fundacjanarowerze.pl\/","logo":{"@type":"ImageObject","inLanguage":"uk","@id":"https:\/\/fundacjanarowerze.pl\/#\/schema\/logo\/image\/","url":"https:\/\/i2.wp.com\/fundacjanarowerze.pl\/wp-content\/uploads\/2021\/01\/logo_rower_1080x1080.jpg?fit=1080%2C1080&ssl=1","contentUrl":"https:\/\/i2.wp.com\/fundacjanarowerze.pl\/wp-content\/uploads\/2021\/01\/logo_rower_1080x1080.jpg?fit=1080%2C1080&ssl=1","width":1080,"height":1080,"caption":"Fundacja Na Rowerze"},"image":{"@id":"https:\/\/fundacjanarowerze.pl\/#\/schema\/logo\/image\/"},"sameAs":["https:\/\/www.facebook.com\/fundacjanarowerze","https:\/\/x.com\/fundacjanarower","https:\/\/www.instagram.com\/fundacjanarowerze"]},{"@type":"Person","@id":"https:\/\/fundacjanarowerze.pl\/#\/schema\/person\/d108f61586f84a41a98c8f5cdf43bfbc","name":"biuro","image":{"@type":"ImageObject","inLanguage":"uk","@id":"https:\/\/fundacjanarowerze.pl\/#\/schema\/person\/image\/","url":"https:\/\/secure.gravatar.com\/avatar\/d92140978ec0b7429eaab13081516febdfa11050fdff5d3921faf3c671c89352?s=96&d=mm&r=g","contentUrl":"https:\/\/secure.gravatar.com\/avatar\/d92140978ec0b7429eaab13081516febdfa11050fdff5d3921faf3c671c89352?s=96&d=mm&r=g","caption":"biuro"},"sameAs":["https:\/\/fundacjanarowerze.pl"],"url":"https:\/\/fundacjanarowerze.pl\/uk\/blog\/author\/admin\/"}]}},"jetpack_featured_media_url":"https:\/\/i0.wp.com\/fundacjanarowerze.pl\/wp-content\/uploads\/2022\/08\/Wycieczka-28.08-wydarzenie-na-fb-animacja.png?fit=1920%2C1080&ssl=1","jetpack_sharing_enabled":true,"_links":{"self":[{"href":"https:\/\/fundacjanarowerze.pl\/uk\/wp-json\/wp\/v2\/posts\/921","targetHints":{"allow":["GET"]}}],"collection":[{"href":"https:\/\/fundacjanarowerze.pl\/uk\/wp-json\/wp\/v2\/posts"}],"about":[{"href":"https:\/\/fundacjanarowerze.pl\/uk\/wp-json\/wp\/v2\/types\/post"}],"author":[{"embeddable":true,"href":"https:\/\/fundacjanarowerze.pl\/uk\/wp-json\/wp\/v2\/users\/1"}],"replies":[{"embeddable":true,"href":"https:\/\/fundacjanarowerze.pl\/uk\/wp-json\/wp\/v2\/comments?post=921"}],"version-history":[{"count":5,"href":"https:\/\/fundacjanarowerze.pl\/uk\/wp-json\/wp\/v2\/posts\/921\/revisions"}],"predecessor-version":[{"id":967,"href":"https:\/\/fundacjanarowerze.pl\/uk\/wp-json\/wp\/v2\/posts\/921\/revisions\/967"}],"wp:featuredmedia":[{"embeddable":true,"href":"https:\/\/fundacjanarowerze.pl\/uk\/wp-json\/wp\/v2\/media\/929"}],"wp:attachment":[{"href":"https:\/\/fundacjanarowerze.pl\/uk\/wp-json\/wp\/v2\/media?parent=921"}],"wp:term":[{"taxonomy":"category","embeddable":true,"href":"https:\/\/fundacjanarowerze.pl\/uk\/wp-json\/wp\/v2\/categories?post=921"},{"taxonomy":"post_tag","embeddable":true,"href":"https:\/\/fundacjanarowerze.pl\/uk\/wp-json\/wp\/v2\/tags?post=921"}],"curies":[{"name":"wp","href":"https:\/\/api.w.org\/{rel}","templated":true}]}}